{"id":10469,"date":"2025-05-19T13:04:24","date_gmt":"2025-05-19T17:04:24","guid":{"rendered":"https:\/\/elconquistadorredloslagos.cl\/test\/?p=10469"},"modified":"2025-05-19T13:04:25","modified_gmt":"2025-05-19T17:04:25","slug":"refuerzan-seguridad-rural-en-la-comuna-de-frutillar-con-entrega-de-vehiculos-a-carabineros","status":"publish","type":"post","link":"https:\/\/elconquistadorredloslagos.cl\/test\/blog\/2025\/05\/19\/refuerzan-seguridad-rural-en-la-comuna-de-frutillar-con-entrega-de-vehiculos-a-carabineros\/","title":{"rendered":"Refuerzan seguridad rural en la comuna de Frutillar con entrega de veh\u00edculos a Carabineros"},"content":{"rendered":"\n<h5 class=\"wp-block-heading\"><em>En una ceremonia realizada en el frontis de la Delegaci\u00f3n Presidencial, ubicada en calle San Mart\u00edn 80, Carabineros de Chile recibi\u00f3 tres nuevas camionetas por parte del Gobierno Regional de Los Lagos, destinadas a reforzar las patrullas antiabigeato en distintas comunas de la Provincia de Llanquihue.<\/em><\/h5>\n\n\n\n<p>La entrega fue encabezada por el gobernador regional, Alejandro Santana, quien destac\u00f3 la importancia de dotar de mejores herramientas a la polic\u00eda uniformada para enfrentar los delitos que afectan a las zonas rurales, particularmente el abigeato, delito que impacta directamente a peque\u00f1os y medianos productores ganaderos.<\/p>\n\n\n\n<p>En la actividad tambi\u00e9n particip\u00f3 el alcalde de Frutillar, Javier Arismendi, quien valor\u00f3 que uno de los veh\u00edculos entregados ser\u00e1 destinado a la Subcomisar\u00eda de Carabineros de Frutillar. \u201cEste es un aporte muy relevante que viene a fortalecer el trabajo preventivo en los sectores rurales de nuestra comuna. Agradecemos la coordinaci\u00f3n entre las distintas instituciones que hacen posible este tipo de avances en materia de seguridad\u201d, se\u00f1al\u00f3 la autoridad comunal.<\/p>\n\n\n\n<p>Las nuevas camionetas se integrar\u00e1n a los patrullajes rurales de la provincia, con el objetivo de mejorar la capacidad de respuesta de Carabineros y aumentar la vigilancia en sectores donde el abigeato contin\u00faa siendo una preocupaci\u00f3n constante para el mundo campesino.<\/p>\n","protected":false},"excerpt":{"rendered":"<p>En una ceremonia realizada en el frontis de la Delegaci\u00f3n Presidencial, ubicada en calle San Mart\u00edn 80, Carabineros de Chile recibi\u00f3 tres nuevas camionetas por parte del Gobierno Regional de..<\/p>\n","protected":false},"author":7,"featured_media":10470,"comment_status":"closed","ping_status":"open","sticky":false,"template":"","format":"standard","meta":{"footnotes":""},"categories":[1],"tags":[],"class_list":["post-10469","post","type-post","status-publish","format-standard","has-post-thumbnail","hentry","category-acontecer"],"rttpg_featured_image_url":{"full":["https:\/\/elconquistadorredloslagos.cl\/test\/wp-content\/uploads\/2025\/05\/frutillar-ENTREGA-AUTOS-POLICIALES.png",1920,1080,false],"landscape":["https:\/\/elconquistadorredloslagos.cl\/test\/wp-content\/uploads\/2025\/05\/frutillar-ENTREGA-AUTOS-POLICIALES.png",1920,1080,false],"portraits":["https:\/\/elconquistadorredloslagos.cl\/test\/wp-content\/uploads\/2025\/05\/frutillar-ENTREGA-AUTOS-POLICIALES.png",1920,1080,false],"thumbnail":["https:\/\/elconquistadorredloslagos.cl\/test\/wp-content\/uploads\/2025\/05\/frutillar-ENTREGA-AUTOS-POLICIALES-150x150.png",150,150,true],"medium":["https:\/\/elconquistadorredloslagos.cl\/test\/wp-content\/uploads\/2025\/05\/frutillar-ENTREGA-AUTOS-POLICIALES-300x169.png",300,169,true],"large":["https:\/\/elconquistadorredloslagos.cl\/test\/wp-content\/uploads\/2025\/05\/frutillar-ENTREGA-AUTOS-POLICIALES-1024x576.png",1024,576,true],"1536x1536":["https:\/\/elconquistadorredloslagos.cl\/test\/wp-content\/uploads\/2025\/05\/frutillar-ENTREGA-AUTOS-POLICIALES-1536x864.png",1536,864,true],"2048x2048":["https:\/\/elconquistadorredloslagos.cl\/test\/wp-content\/uploads\/2025\/05\/frutillar-ENTREGA-AUTOS-POLICIALES.png",1920,1080,false]},"rttpg_author":{"display_name":"enzodelahoz1988","author_link":"https:\/\/elconquistadorredloslagos.cl\/test\/blog\/author\/enzodelahoz1988\/"},"rttpg_comment":0,"rttpg_category":"<a href=\"https:\/\/elconquistadorredloslagos.cl\/test\/blog\/category\/actual\/acontecer\/\" rel=\"category tag\">Acontecer<\/a>","rttpg_excerpt":"En una ceremonia realizada en el frontis de la Delegaci\u00f3n Presidencial, ubicada en calle San Mart\u00edn 80, Carabineros de Chile recibi\u00f3 tres nuevas camionetas por parte del Gobierno Regional de..","_links":{"self":[{"href":"https:\/\/elconquistadorredloslagos.cl\/test\/wp-json\/wp\/v2\/posts\/10469","targetHints":{"allow":["GET"]}}],"collection":[{"href":"https:\/\/elconquistadorredloslagos.cl\/test\/wp-json\/wp\/v2\/posts"}],"about":[{"href":"https:\/\/elconquistadorredloslagos.cl\/test\/wp-json\/wp\/v2\/types\/post"}],"author":[{"embeddable":true,"href":"https:\/\/elconquistadorredloslagos.cl\/test\/wp-json\/wp\/v2\/users\/7"}],"replies":[{"embeddable":true,"href":"https:\/\/elconquistadorredloslagos.cl\/test\/wp-json\/wp\/v2\/comments?post=10469"}],"version-history":[{"count":1,"href":"https:\/\/elconquistadorredloslagos.cl\/test\/wp-json\/wp\/v2\/posts\/10469\/revisions"}],"predecessor-version":[{"id":10471,"href":"https:\/\/elconquistadorredloslagos.cl\/test\/wp-json\/wp\/v2\/posts\/10469\/revisions\/10471"}],"wp:featuredmedia":[{"embeddable":true,"href":"https:\/\/elconquistadorredloslagos.cl\/test\/wp-json\/wp\/v2\/media\/10470"}],"wp:attachment":[{"href":"https:\/\/elconquistadorredloslagos.cl\/test\/wp-json\/wp\/v2\/media?parent=10469"}],"wp:term":[{"taxonomy":"category","embeddable":true,"href":"https:\/\/elconquistadorredloslagos.cl\/test\/wp-json\/wp\/v2\/categories?post=10469"},{"taxonomy":"post_tag","embeddable":true,"href":"https:\/\/elconquistadorredloslagos.cl\/test\/wp-json\/wp\/v2\/tags?post=10469"}],"curies":[{"name":"wp","href":"https:\/\/api.w.org\/{rel}","templated":true}]}}