{"id":10453,"date":"2025-05-19T12:16:12","date_gmt":"2025-05-19T16:16:12","guid":{"rendered":"https:\/\/elconquistadorredloslagos.cl\/test\/?p=10453"},"modified":"2025-05-19T14:38:44","modified_gmt":"2025-05-19T18:38:44","slug":"los-pilotos-jorge-martinez-y-patricio-munoz-rugieron-fuerte-en-el-copec-rallymobil-de-chiloe","status":"publish","type":"post","link":"https:\/\/elconquistadorredloslagos.cl\/test\/blog\/2025\/05\/19\/los-pilotos-jorge-martinez-y-patricio-munoz-rugieron-fuerte-en-el-copec-rallymobil-de-chiloe\/","title":{"rendered":"Los pilotos Jorge Mart\u00ednez y Patricio Mu\u00f1oz rugieron fuerte en el Copec RallyMobil de Chilo\u00e9"},"content":{"rendered":"\n<p>Una fecha cargada de emoci\u00f3n, sorpresas y definiciones dram\u00e1ticas marc\u00f3 el cierre de la segunda cita del COPEC RallyMobil 2025, disputada este fin de semana en los caminos de Chilo\u00e9. Los pilotos de la Regi\u00f3n del B\u00cdo-B\u00edo fueron los grandes protagonistas de una competencia que combin\u00f3 t\u00e9cnica, velocidad y resiliencia frente a las cambiantes condiciones del clima.<\/p>\n\n\n\n<p>En la categor\u00eda RC2, la m\u00e1s estelar del campeonato, Jorge Mart\u00ednez (CB Tech) firm\u00f3 su victoria n\u00famero 19 tras un fin de semana de desempe\u00f1o consistente. El penquista, que debutaba con un nuevo auto sin haberlo probado antes en competencia, se impuso ante el empuje de Alberto \u201cBeto\u201d Heller (Joker Rally) y Gerardo Rosselot, quien inici\u00f3 el domingo como l\u00edder pero cedi\u00f3 ante sus rivales m\u00e1s experimentados.<\/p>\n\n\n\n<p>\u201cNo solo es una victoria especial por el auto nuevo, tambi\u00e9n por volver tras no estar en la fecha de Lago Ranco. Fue una carrera distinta y muy satisfactoria\u201d, se\u00f1al\u00f3 Mart\u00ednez.<\/p>\n\n\n\n<p>En RC3, Patricio Mu\u00f1oz (Eme Racing) volvi\u00f3 al triunfo por primera vez desde Quill\u00f3n 2023, al vencer en un ajustado duelo al tambi\u00e9n destacado Felipe Padilla. El piloto de Tom\u00e9 celebr\u00f3 con emoci\u00f3n en el mismo lugar donde debut\u00f3 hace nueve a\u00f1os.<\/p>\n\n\n\n<p>El dramatismo alcanz\u00f3 su punto m\u00e1ximo en la categor\u00eda Copa Gol GT2i, donde Jos\u00e9 Quezada logr\u00f3 una victoria \u00e9pica. Pese a sufrir el desprendimiento de una rueda en el PowerStage final, el sistema de cronometraje especial le permiti\u00f3 retener la ventaja sobre Francisco Asencio y quedarse con el triunfo por apenas 17 segundos.<\/p>\n\n\n\n<p>Otros vencedores de la jornada fueron Sebasti\u00e1n Silva, que regres\u00f3 al primer lugar en la Copa Gol tras el abandono de Francisco Mohr; Felipe Haro en R2; y en las categor\u00edas del Rally Avosur, Sebasti\u00e1n Ar\u00e9valo (N3) y Luis Aguilar (N2).<\/p>\n\n\n\n<p>La tercera fecha del campeonato se correr\u00e1 entre el 13 y 15 de junio, como antesala del plato fuerte de la temporada: el WRC Rally Bio-B\u00edo, del 11 al 14 de septiembre.<\/p>\n\n\n\n<p><strong>RESULTADOS FINALES COPEC RALLYMOBIL DE CHILO\u00c9<\/strong><\/p>\n\n\n\n<p><strong>RC2 PRO<\/strong><\/p>\n\n\n\n<p>1.- Jorge Mart\u00ednez-Rub\u00e9n Garc\u00eda (Skoda Fabia RS Rally2) 1:04.46.5 a 101,6 km\/h<\/p>\n\n\n\n<p>2.- Alberto Heller-Luis Allende (Citro\u00ebn C3 Rally2) a 9.4<\/p>\n\n\n\n<p>3.- Gerardo Rosselot-Mat\u00edas Am\u00e9stica (Citro\u00ebn C3 Rally2) a 18.9<\/p>\n\n\n\n<p><strong>RC3<\/strong><\/p>\n\n\n\n<p>1.- Patricio Mu\u00f1oz-Miguel Recalt (Ford Fiesta Rally3) 1:10.01.6 a 94,0 km\/h<\/p>\n\n\n\n<p>2.- Felipe Padilla-Sebasti\u00e1n Olgu\u00edn (Ford Fiesta Rally3) a 9.0<\/p>\n\n\n\n<p>3.- Carlos Prieto-Juan Varela (Ford Fiesta Rally3) a 5.40.8<\/p>\n\n\n\n<p><strong>RC4<\/strong><\/p>\n\n\n\n<p>1.- Jos\u00e9 Quezada-Paulina Nasser (Peugeot 208 Rally4) 1:20.44.1 a 81,5 km\/h<\/p>\n\n\n\n<p>2.- Francisco Asencio-Alan Bascur (Peugeot 208 Rally4) a 3.17.0<\/p>\n\n\n\n<p><strong>COPA GOL GT2i<\/strong><\/p>\n\n\n\n<p>1.- Sebasti\u00e1n Silva-Andy Salvo (Volkswagen Gol) 1:23.32.1 a 78,8 km\/h<\/p>\n\n\n\n<p>2.- Felipe Arenas-Sebasti\u00e1n Arancibia (Volkswagen Gol) a 1.18.3<\/p>\n\n\n\n<p>3.- Ignacio Oyarz\u00fan-Alexis Estrada (Volkswagen Gol) a 1.39.3<\/p>\n\n\n\n<p><strong>RALLY AVOSUR<\/strong><\/p>\n\n\n\n<p><strong>N3<\/strong><\/p>\n\n\n\n<p>1.- Sebasti\u00e1n Ar\u00e9valo-Francisco Fa\u00fandez (Honda Civic) 1:21.46.5 a 80,5 km\/h<\/p>\n\n\n\n<p>2.- Sebasti\u00e1n Castaing-Samuel Guzm\u00e1n (Ford Focus) a 1.27.2<\/p>\n\n\n\n<p>3.- Mauricio Leiva- Daniel Chamorro (Honda Civic) a 6.26.8<\/p>\n\n\n\n<p><strong>N2<\/strong><\/p>\n\n\n\n<p>1.- Luis Aguilar-Harry Rudolph (Nissan March) 1:27.08.5 a 75,5 km\/h<\/p>\n\n\n\n<p>2.- Juan Chac\u00f3n-Miguel Gallardo (Nissan March) a 2.44.6<\/p>\n\n\n\n<p>3.- \u00c1ngelo Catal\u00e1n-Paloma Cid (Renault Clio) a 12.20.1<\/p>\n\n\n\n<figure class=\"wp-block-gallery has-nested-images columns-default is-cropped wp-block-gallery-1 is-layout-flex wp-block-gallery-is-layout-flex\">\n<figure class=\"wp-block-image size-large\"><img loading=\"lazy\" decoding=\"async\" width=\"640\" height=\"428\" data-id=\"10462\" src=\"https:\/\/elconquistadorredloslagos.cl\/test\/wp-content\/uploads\/2025\/05\/Copec-I-RallyMobil-\u2122-Chiloe_HRSA3905.jpg\" alt=\"\" class=\"wp-image-10462\" \/><\/figure>\n\n\n\n<figure class=\"wp-block-image size-large\"><img loading=\"lazy\" decoding=\"async\" width=\"640\" height=\"428\" data-id=\"10460\" src=\"https:\/\/elconquistadorredloslagos.cl\/test\/wp-content\/uploads\/2025\/05\/Copec-I-RallyMobil-\u2122-Chiloe_HRSA3977.jpg\" alt=\"\" class=\"wp-image-10460\" \/><\/figure>\n\n\n\n<figure class=\"wp-block-image size-large\"><img loading=\"lazy\" decoding=\"async\" width=\"640\" height=\"428\" data-id=\"10459\" src=\"https:\/\/elconquistadorredloslagos.cl\/test\/wp-content\/uploads\/2025\/05\/Copec-I-RallyMobil-\u2122-Chiloe_HRSA4290.jpg\" alt=\"\" class=\"wp-image-10459\" \/><\/figure>\n\n\n\n<figure class=\"wp-block-image size-large\"><img loading=\"lazy\" decoding=\"async\" width=\"640\" height=\"428\" data-id=\"10461\" src=\"https:\/\/elconquistadorredloslagos.cl\/test\/wp-content\/uploads\/2025\/05\/Copec-I-RallyMobil-\u2122-Chiloe_LB1_3705.jpg\" alt=\"\" class=\"wp-image-10461\" \/><\/figure>\n\n\n\n<figure class=\"wp-block-image size-large\"><img loading=\"lazy\" decoding=\"async\" width=\"640\" height=\"428\" data-id=\"10458\" src=\"https:\/\/elconquistadorredloslagos.cl\/test\/wp-content\/uploads\/2025\/05\/Copec-I-RallyMobil-\u2122-Chiloe_LB1_3777.jpg\" alt=\"\" class=\"wp-image-10458\" \/><\/figure>\n\n\n\n<figure class=\"wp-block-image size-large\"><img loading=\"lazy\" decoding=\"async\" width=\"640\" height=\"428\" data-id=\"10463\" src=\"https:\/\/elconquistadorredloslagos.cl\/test\/wp-content\/uploads\/2025\/05\/Copec-I-RallyMobil-\u2122-Chiloe_LB1_3807.jpg\" alt=\"\" class=\"wp-image-10463\" \/><\/figure>\n\n\n\n<figure class=\"wp-block-image size-large\"><img loading=\"lazy\" decoding=\"async\" width=\"640\" height=\"428\" data-id=\"10457\" src=\"https:\/\/elconquistadorredloslagos.cl\/test\/wp-content\/uploads\/2025\/05\/Copec-I-RallyMobil-\u2122-Chiloe_LB1_3994.jpg\" alt=\"\" class=\"wp-image-10457\" \/><\/figure>\n\n\n\n<figure class=\"wp-block-image size-large\"><img loading=\"lazy\" decoding=\"async\" width=\"640\" height=\"428\" data-id=\"10464\" src=\"https:\/\/elconquistadorredloslagos.cl\/test\/wp-content\/uploads\/2025\/05\/Copec-I-RallyMobil-\u2122-Chiloe_LB1_4673.jpg\" alt=\"\" class=\"wp-image-10464\" \/><\/figure>\n\n\n\n<figure class=\"wp-block-image size-large\"><img loading=\"lazy\" decoding=\"async\" width=\"640\" height=\"428\" data-id=\"10465\" src=\"https:\/\/elconquistadorredloslagos.cl\/test\/wp-content\/uploads\/2025\/05\/Copec-I-RallyMobil-\u2122-Chiloe_LB4_7424.jpg\" alt=\"\" class=\"wp-image-10465\" \/><\/figure>\n<\/figure>\n","protected":false},"excerpt":{"rendered":"<p>Una fecha cargada de emoci\u00f3n, sorpresas y definiciones dram\u00e1ticas marc\u00f3 el cierre de la segunda cita del COPEC RallyMobil 2025, disputada este fin de semana en los caminos de Chilo\u00e9&#8230;<\/p>\n","protected":false},"author":2,"featured_media":10455,"comment_status":"closed","ping_status":"open","sticky":false,"template":"","format":"standard","meta":{"footnotes":""},"categories":[1,28],"tags":[],"class_list":["post-10453","post","type-post","status-publish","format-standard","has-post-thumbnail","hentry","category-acontecer","category-actual"],"rttpg_featured_image_url":{"full":["https:\/\/elconquistadorredloslagos.cl\/test\/wp-content\/uploads\/2025\/05\/img-70.jpg",1920,1080,false],"landscape":["https:\/\/elconquistadorredloslagos.cl\/test\/wp-content\/uploads\/2025\/05\/img-70.jpg",1920,1080,false],"portraits":["https:\/\/elconquistadorredloslagos.cl\/test\/wp-content\/uploads\/2025\/05\/img-70.jpg",1920,1080,false],"thumbnail":["https:\/\/elconquistadorredloslagos.cl\/test\/wp-content\/uploads\/2025\/05\/img-70-150x150.jpg",150,150,true],"medium":["https:\/\/elconquistadorredloslagos.cl\/test\/wp-content\/uploads\/2025\/05\/img-70-300x169.jpg",300,169,true],"large":["https:\/\/elconquistadorredloslagos.cl\/test\/wp-content\/uploads\/2025\/05\/img-70-1024x576.jpg",1024,576,true],"1536x1536":["https:\/\/elconquistadorredloslagos.cl\/test\/wp-content\/uploads\/2025\/05\/img-70-1536x864.jpg",1536,864,true],"2048x2048":["https:\/\/elconquistadorredloslagos.cl\/test\/wp-content\/uploads\/2025\/05\/img-70.jpg",1920,1080,false]},"rttpg_author":{"display_name":"ccardenas","author_link":"https:\/\/elconquistadorredloslagos.cl\/test\/blog\/author\/ccardenas\/"},"rttpg_comment":0,"rttpg_category":"<a href=\"https:\/\/elconquistadorredloslagos.cl\/test\/blog\/category\/actual\/acontecer\/\" rel=\"category tag\">Acontecer<\/a> <a href=\"https:\/\/elconquistadorredloslagos.cl\/test\/blog\/category\/actual\/\" rel=\"category tag\">Actualidad<\/a>","rttpg_excerpt":"Una fecha cargada de emoci\u00f3n, sorpresas y definiciones dram\u00e1ticas marc\u00f3 el cierre de la segunda cita del COPEC RallyMobil 2025, disputada este fin de semana en los caminos de Chilo\u00e9...","_links":{"self":[{"href":"https:\/\/elconquistadorredloslagos.cl\/test\/wp-json\/wp\/v2\/posts\/10453","targetHints":{"allow":["GET"]}}],"collection":[{"href":"https:\/\/elconquistadorredloslagos.cl\/test\/wp-json\/wp\/v2\/posts"}],"about":[{"href":"https:\/\/elconquistadorredloslagos.cl\/test\/wp-json\/wp\/v2\/types\/post"}],"author":[{"embeddable":true,"href":"https:\/\/elconquistadorredloslagos.cl\/test\/wp-json\/wp\/v2\/users\/2"}],"replies":[{"embeddable":true,"href":"https:\/\/elconquistadorredloslagos.cl\/test\/wp-json\/wp\/v2\/comments?post=10453"}],"version-history":[{"count":2,"href":"https:\/\/elconquistadorredloslagos.cl\/test\/wp-json\/wp\/v2\/posts\/10453\/revisions"}],"predecessor-version":[{"id":10483,"href":"https:\/\/elconquistadorredloslagos.cl\/test\/wp-json\/wp\/v2\/posts\/10453\/revisions\/10483"}],"wp:featuredmedia":[{"embeddable":true,"href":"https:\/\/elconquistadorredloslagos.cl\/test\/wp-json\/wp\/v2\/media\/10455"}],"wp:attachment":[{"href":"https:\/\/elconquistadorredloslagos.cl\/test\/wp-json\/wp\/v2\/media?parent=10453"}],"wp:term":[{"taxonomy":"category","embeddable":true,"href":"https:\/\/elconquistadorredloslagos.cl\/test\/wp-json\/wp\/v2\/categories?post=10453"},{"taxonomy":"post_tag","embeddable":true,"href":"https:\/\/elconquistadorredloslagos.cl\/test\/wp-json\/wp\/v2\/tags?post=10453"}],"curies":[{"name":"wp","href":"https:\/\/api.w.org\/{rel}","templated":true}]}}