{"id":10439,"date":"2025-05-19T09:49:53","date_gmt":"2025-05-19T13:49:53","guid":{"rendered":"https:\/\/elconquistadorredloslagos.cl\/test\/?p=10439"},"modified":"2025-05-19T14:34:09","modified_gmt":"2025-05-19T18:34:09","slug":"ancud-avanza-hacia-solucion-definitiva-para-anegamientos-en-calle-dieciocho","status":"publish","type":"post","link":"https:\/\/elconquistadorredloslagos.cl\/test\/blog\/2025\/05\/19\/ancud-avanza-hacia-solucion-definitiva-para-anegamientos-en-calle-dieciocho\/","title":{"rendered":"Ancud avanza hacia soluci\u00f3n definitiva para anegamientos en calle Dieciocho"},"content":{"rendered":"\n<p>El proyecto de reposici\u00f3n de la defensa fluvial del estero La Toma en Ancud, obtuvo recomendaci\u00f3n satisfactoria (RS) del Ministerio de Desarrollo Social y Familia, lo que marca un hito en la lucha contra las inundaciones que afectan cada invierno a vecinos y comerciantes de una de las principales arter\u00edas c\u00e9ntricas de la ciudad.<\/p>\n\n\n\n<p>La obra, ejecutada por la Direcci\u00f3n de Obras Hidr\u00e1ulicas del (MOP), contempla un bypass de hormig\u00f3n armado para encauzar las aguas hacia el mar, iniciando en calle Arturo Prat Prat y concluyendo en la costanera. Tambi\u00e9n incluye la reposici\u00f3n de ambas calzadas de calle Arturo Prat, beneficiando directamente a 752 personas. La inversi\u00f3n bordea los 5 mil 177 millones y se espera que la licitaci\u00f3n se concrete en tres meses. Los trabajos se extender\u00e1n por 18 meses.<\/p>\n\n\n\n<p>\u201cEs un proyecto largamente esperado\u201d, indic\u00f3 el seremi de Obras P\u00fablicas en Los Lagos, Fernando Alvarado. El alcalde Andr\u00e9s Ojeda celebr\u00f3 la noticia como \u201cel fin de las inundaciones en calle Dieciocho\u201d.<\/p>\n\n\n\n<p>Desde el comercio local, el dirigente Gast\u00f3n C\u00e1rcamo valor\u00f3 el avance y pidi\u00f3 mitigar el impacto de las obras en la actividad econ\u00f3mica: \u201cM\u00e1s de 50 negocios han sufrido p\u00e9rdidas millonarias. Esta intervenci\u00f3n es clave, pero debe ejecutarse con apoyo real al sector\u201d.<\/p>\n\n\n\n<p>\ud83d\udcf7 Redes sociales<\/p>\n","protected":false},"excerpt":{"rendered":"<p>El proyecto de reposici\u00f3n de la defensa fluvial del estero La Toma en Ancud, obtuvo recomendaci\u00f3n satisfactoria (RS) del Ministerio de Desarrollo Social y Familia, lo que marca un hito..<\/p>\n","protected":false},"author":2,"featured_media":10440,"comment_status":"closed","ping_status":"open","sticky":false,"template":"","format":"standard","meta":{"footnotes":""},"categories":[1,28],"tags":[],"class_list":["post-10439","post","type-post","status-publish","format-standard","has-post-thumbnail","hentry","category-acontecer","category-actual"],"rttpg_featured_image_url":{"full":["https:\/\/elconquistadorredloslagos.cl\/test\/wp-content\/uploads\/2025\/05\/Diseno-sin-titulo-2.jpg",1920,1080,false],"landscape":["https:\/\/elconquistadorredloslagos.cl\/test\/wp-content\/uploads\/2025\/05\/Diseno-sin-titulo-2.jpg",1920,1080,false],"portraits":["https:\/\/elconquistadorredloslagos.cl\/test\/wp-content\/uploads\/2025\/05\/Diseno-sin-titulo-2.jpg",1920,1080,false],"thumbnail":["https:\/\/elconquistadorredloslagos.cl\/test\/wp-content\/uploads\/2025\/05\/Diseno-sin-titulo-2-150x150.jpg",150,150,true],"medium":["https:\/\/elconquistadorredloslagos.cl\/test\/wp-content\/uploads\/2025\/05\/Diseno-sin-titulo-2-300x169.jpg",300,169,true],"large":["https:\/\/elconquistadorredloslagos.cl\/test\/wp-content\/uploads\/2025\/05\/Diseno-sin-titulo-2-1024x576.jpg",1024,576,true],"1536x1536":["https:\/\/elconquistadorredloslagos.cl\/test\/wp-content\/uploads\/2025\/05\/Diseno-sin-titulo-2-1536x864.jpg",1536,864,true],"2048x2048":["https:\/\/elconquistadorredloslagos.cl\/test\/wp-content\/uploads\/2025\/05\/Diseno-sin-titulo-2.jpg",1920,1080,false]},"rttpg_author":{"display_name":"ccardenas","author_link":"https:\/\/elconquistadorredloslagos.cl\/test\/blog\/author\/ccardenas\/"},"rttpg_comment":0,"rttpg_category":"<a href=\"https:\/\/elconquistadorredloslagos.cl\/test\/blog\/category\/actual\/acontecer\/\" rel=\"category tag\">Acontecer<\/a> <a href=\"https:\/\/elconquistadorredloslagos.cl\/test\/blog\/category\/actual\/\" rel=\"category tag\">Actualidad<\/a>","rttpg_excerpt":"El proyecto de reposici\u00f3n de la defensa fluvial del estero La Toma en Ancud, obtuvo recomendaci\u00f3n satisfactoria (RS) del Ministerio de Desarrollo Social y Familia, lo que marca un hito..","_links":{"self":[{"href":"https:\/\/elconquistadorredloslagos.cl\/test\/wp-json\/wp\/v2\/posts\/10439","targetHints":{"allow":["GET"]}}],"collection":[{"href":"https:\/\/elconquistadorredloslagos.cl\/test\/wp-json\/wp\/v2\/posts"}],"about":[{"href":"https:\/\/elconquistadorredloslagos.cl\/test\/wp-json\/wp\/v2\/types\/post"}],"author":[{"embeddable":true,"href":"https:\/\/elconquistadorredloslagos.cl\/test\/wp-json\/wp\/v2\/users\/2"}],"replies":[{"embeddable":true,"href":"https:\/\/elconquistadorredloslagos.cl\/test\/wp-json\/wp\/v2\/comments?post=10439"}],"version-history":[{"count":2,"href":"https:\/\/elconquistadorredloslagos.cl\/test\/wp-json\/wp\/v2\/posts\/10439\/revisions"}],"predecessor-version":[{"id":10481,"href":"https:\/\/elconquistadorredloslagos.cl\/test\/wp-json\/wp\/v2\/posts\/10439\/revisions\/10481"}],"wp:featuredmedia":[{"embeddable":true,"href":"https:\/\/elconquistadorredloslagos.cl\/test\/wp-json\/wp\/v2\/media\/10440"}],"wp:attachment":[{"href":"https:\/\/elconquistadorredloslagos.cl\/test\/wp-json\/wp\/v2\/media?parent=10439"}],"wp:term":[{"taxonomy":"category","embeddable":true,"href":"https:\/\/elconquistadorredloslagos.cl\/test\/wp-json\/wp\/v2\/categories?post=10439"},{"taxonomy":"post_tag","embeddable":true,"href":"https:\/\/elconquistadorredloslagos.cl\/test\/wp-json\/wp\/v2\/tags?post=10439"}],"curies":[{"name":"wp","href":"https:\/\/api.w.org\/{rel}","templated":true}]}}