{"id":10381,"date":"2025-05-19T08:44:52","date_gmt":"2025-05-19T12:44:52","guid":{"rendered":"https:\/\/elconquistadorredloslagos.cl\/test\/?p=10381"},"modified":"2025-05-19T08:44:52","modified_gmt":"2025-05-19T12:44:52","slug":"conductor-ebrio-habria-provocado-choque-en-cadena-con-cuatro-heridos-en-puerto-montt","status":"publish","type":"post","link":"https:\/\/elconquistadorredloslagos.cl\/test\/blog\/2025\/05\/19\/conductor-ebrio-habria-provocado-choque-en-cadena-con-cuatro-heridos-en-puerto-montt\/","title":{"rendered":"Conductor ebrio habr\u00eda provocado choque en cadena con cuatro heridos en Puerto Montt"},"content":{"rendered":"\n<p>Cuatro personas resultaron lesionadas tras una colisi\u00f3n m\u00faltiple registrada la noche del s\u00e1bado en la ruta V-505, en direcci\u00f3n desde Alerce hacia Puerto Montt. <\/p>\n\n\n\n<p>El accidente, ocurrido a la altura del aer\u00f3dromo Marcel Marchant y previo al cruce semaforizado de Alto La Paloma, involucr\u00f3 a cuatro veh\u00edculos.<\/p>\n\n\n\n<p>Seg\u00fan versiones de testigos, el conductor de una camioneta Fiat Fiorino, que habr\u00eda estado bajo los efectos del alcohol, impact\u00f3 por alcance a un SUV Ford Territory. <\/p>\n\n\n\n<p>El segundo veh\u00edculo fue desplazado y colision\u00f3 a un Volkswagen, el cual a su vez choc\u00f3 con un cuarto autom\u00f3vil, cuyo conductor se retir\u00f3 del lugar tras el hecho.<\/p>\n\n\n\n<p>Hasta el lugar de la emergencia concurrieron unidades de Bomberos y personal del Servicio de Atenci\u00f3n M\u00e9dica de Urgencia (SAMU) quienes brindaron atenci\u00f3n inmediata a los heridos. <\/p>\n\n\n\n<p>Uno de los ocupantes debi\u00f3 ser rescatado por voluntarios, debido a que qued\u00f3 atrapado en el interior del m\u00f3vil.<\/p>\n\n\n\n<p>Tras la evaluaci\u00f3n m\u00e9dica, se determin\u00f3 que dos de los lesionados, ambos ocupantes de la camioneta que habr\u00eda provocado el accidente, fueran derivados a un centro asistencial para recibir atenci\u00f3n especializada.<\/p>\n\n\n\n<p>\ud83d\udcf7 Redes sociales <\/p>\n","protected":false},"excerpt":{"rendered":"<p>Cuatro personas resultaron lesionadas tras una colisi\u00f3n m\u00faltiple registrada la noche del s\u00e1bado en la ruta V-505, en direcci\u00f3n desde Alerce hacia Puerto Montt. El accidente, ocurrido a la altura..<\/p>\n","protected":false},"author":2,"featured_media":10382,"comment_status":"closed","ping_status":"open","sticky":false,"template":"","format":"standard","meta":{"footnotes":""},"categories":[1,28],"tags":[],"class_list":["post-10381","post","type-post","status-publish","format-standard","has-post-thumbnail","hentry","category-acontecer","category-actual"],"rttpg_featured_image_url":{"full":["https:\/\/elconquistadorredloslagos.cl\/test\/wp-content\/uploads\/2025\/05\/Diseno-sin-titulo_20250518_225756_0000.jpg",1920,1080,false],"landscape":["https:\/\/elconquistadorredloslagos.cl\/test\/wp-content\/uploads\/2025\/05\/Diseno-sin-titulo_20250518_225756_0000.jpg",1920,1080,false],"portraits":["https:\/\/elconquistadorredloslagos.cl\/test\/wp-content\/uploads\/2025\/05\/Diseno-sin-titulo_20250518_225756_0000.jpg",1920,1080,false],"thumbnail":["https:\/\/elconquistadorredloslagos.cl\/test\/wp-content\/uploads\/2025\/05\/Diseno-sin-titulo_20250518_225756_0000-150x150.jpg",150,150,true],"medium":["https:\/\/elconquistadorredloslagos.cl\/test\/wp-content\/uploads\/2025\/05\/Diseno-sin-titulo_20250518_225756_0000-300x169.jpg",300,169,true],"large":["https:\/\/elconquistadorredloslagos.cl\/test\/wp-content\/uploads\/2025\/05\/Diseno-sin-titulo_20250518_225756_0000-1024x576.jpg",1024,576,true],"1536x1536":["https:\/\/elconquistadorredloslagos.cl\/test\/wp-content\/uploads\/2025\/05\/Diseno-sin-titulo_20250518_225756_0000-1536x864.jpg",1536,864,true],"2048x2048":["https:\/\/elconquistadorredloslagos.cl\/test\/wp-content\/uploads\/2025\/05\/Diseno-sin-titulo_20250518_225756_0000.jpg",1920,1080,false]},"rttpg_author":{"display_name":"ccardenas","author_link":"https:\/\/elconquistadorredloslagos.cl\/test\/blog\/author\/ccardenas\/"},"rttpg_comment":0,"rttpg_category":"<a href=\"https:\/\/elconquistadorredloslagos.cl\/test\/blog\/category\/actual\/acontecer\/\" rel=\"category tag\">Acontecer<\/a> <a href=\"https:\/\/elconquistadorredloslagos.cl\/test\/blog\/category\/actual\/\" rel=\"category tag\">Actualidad<\/a>","rttpg_excerpt":"Cuatro personas resultaron lesionadas tras una colisi\u00f3n m\u00faltiple registrada la noche del s\u00e1bado en la ruta V-505, en direcci\u00f3n desde Alerce hacia Puerto Montt. El accidente, ocurrido a la altura..","_links":{"self":[{"href":"https:\/\/elconquistadorredloslagos.cl\/test\/wp-json\/wp\/v2\/posts\/10381","targetHints":{"allow":["GET"]}}],"collection":[{"href":"https:\/\/elconquistadorredloslagos.cl\/test\/wp-json\/wp\/v2\/posts"}],"about":[{"href":"https:\/\/elconquistadorredloslagos.cl\/test\/wp-json\/wp\/v2\/types\/post"}],"author":[{"embeddable":true,"href":"https:\/\/elconquistadorredloslagos.cl\/test\/wp-json\/wp\/v2\/users\/2"}],"replies":[{"embeddable":true,"href":"https:\/\/elconquistadorredloslagos.cl\/test\/wp-json\/wp\/v2\/comments?post=10381"}],"version-history":[{"count":1,"href":"https:\/\/elconquistadorredloslagos.cl\/test\/wp-json\/wp\/v2\/posts\/10381\/revisions"}],"predecessor-version":[{"id":10383,"href":"https:\/\/elconquistadorredloslagos.cl\/test\/wp-json\/wp\/v2\/posts\/10381\/revisions\/10383"}],"wp:featuredmedia":[{"embeddable":true,"href":"https:\/\/elconquistadorredloslagos.cl\/test\/wp-json\/wp\/v2\/media\/10382"}],"wp:attachment":[{"href":"https:\/\/elconquistadorredloslagos.cl\/test\/wp-json\/wp\/v2\/media?parent=10381"}],"wp:term":[{"taxonomy":"category","embeddable":true,"href":"https:\/\/elconquistadorredloslagos.cl\/test\/wp-json\/wp\/v2\/categories?post=10381"},{"taxonomy":"post_tag","embeddable":true,"href":"https:\/\/elconquistadorredloslagos.cl\/test\/wp-json\/wp\/v2\/tags?post=10381"}],"curies":[{"name":"wp","href":"https:\/\/api.w.org\/{rel}","templated":true}]}}