{"id":10378,"date":"2025-05-19T08:45:20","date_gmt":"2025-05-19T12:45:20","guid":{"rendered":"https:\/\/elconquistadorredloslagos.cl\/test\/?p=10378"},"modified":"2025-05-19T08:45:21","modified_gmt":"2025-05-19T12:45:21","slug":"municipalidad-de-calbuco-presenta-querella-por-muerte-de-menor-en-hospital","status":"publish","type":"post","link":"https:\/\/elconquistadorredloslagos.cl\/test\/blog\/2025\/05\/19\/municipalidad-de-calbuco-presenta-querella-por-muerte-de-menor-en-hospital\/","title":{"rendered":"Municipalidad de Calbuco presenta querella por muerte de menor en hospital"},"content":{"rendered":"\n<p>A nombre del municipio, el alcalde de Calbuco, Marco Silva, interpuso una querella criminal por cuasidelito de homicidio tras la muerte de Emilia Pinto Ledezma, ni\u00f1a de tres a\u00f1os que falleci\u00f3 el pasado mi\u00e9rcoles 14 de mayo luego de ser atendida sin \u00e9xito en el hospital local. <\/p>\n\n\n\n<p>La acci\u00f3n judicial fue ingresada en el Juzgado de Garant\u00eda de Calbuco y apunta a esclarecer eventuales responsabilidades por una presunta negligencia m\u00e9dica.<\/p>\n\n\n\n<p>Emilia fue llevada dos veces al recinto asistencial por fuertes dolores abdominales, v\u00f3mitos y n\u00e1useas. <\/p>\n\n\n\n<p>Sin diagn\u00f3stico certero, su madre debi\u00f3 trasladarla en minib\u00fas hasta el Hospital de Puerto Montt, donde se confirm\u00f3 una isquemia intestinal que provoc\u00f3 su muerte.<\/p>\n\n\n\n<p>Silva, tambi\u00e9n abogado, afirm\u00f3 que la querella busca justicia para la menor y enfatiz\u00f3 la necesidad de reformas urgentes en el sistema de salud local. \u201cExigimos una urgencia resolutiva, con especialistas permanentes y una infraestructura adecuada, incluyendo una unidad pedi\u00e1trica diferenciada\u201d, se\u00f1al\u00f3.<\/p>\n\n\n\n<p>La medida se suma a una auditor\u00eda externa ordenada por el Servicio de Salud del Reloncav\u00ed para investigar el procedimiento m\u00e9dico aplicado.<\/p>\n\n\n\n<p>\ud83d\udcf7 Contexto <\/p>\n","protected":false},"excerpt":{"rendered":"<p>A nombre del municipio, el alcalde de Calbuco, Marco Silva, interpuso una querella criminal por cuasidelito de homicidio tras la muerte de Emilia Pinto Ledezma, ni\u00f1a de tres a\u00f1os que..<\/p>\n","protected":false},"author":2,"featured_media":10379,"comment_status":"closed","ping_status":"open","sticky":false,"template":"","format":"standard","meta":{"footnotes":""},"categories":[1,28],"tags":[],"class_list":["post-10378","post","type-post","status-publish","format-standard","has-post-thumbnail","hentry","category-acontecer","category-actual"],"rttpg_featured_image_url":{"full":["https:\/\/elconquistadorredloslagos.cl\/test\/wp-content\/uploads\/2025\/05\/Diseno-sin-titulo_20250518_223126_0000.jpg",1920,1080,false],"landscape":["https:\/\/elconquistadorredloslagos.cl\/test\/wp-content\/uploads\/2025\/05\/Diseno-sin-titulo_20250518_223126_0000.jpg",1920,1080,false],"portraits":["https:\/\/elconquistadorredloslagos.cl\/test\/wp-content\/uploads\/2025\/05\/Diseno-sin-titulo_20250518_223126_0000.jpg",1920,1080,false],"thumbnail":["https:\/\/elconquistadorredloslagos.cl\/test\/wp-content\/uploads\/2025\/05\/Diseno-sin-titulo_20250518_223126_0000-150x150.jpg",150,150,true],"medium":["https:\/\/elconquistadorredloslagos.cl\/test\/wp-content\/uploads\/2025\/05\/Diseno-sin-titulo_20250518_223126_0000-300x169.jpg",300,169,true],"large":["https:\/\/elconquistadorredloslagos.cl\/test\/wp-content\/uploads\/2025\/05\/Diseno-sin-titulo_20250518_223126_0000-1024x576.jpg",1024,576,true],"1536x1536":["https:\/\/elconquistadorredloslagos.cl\/test\/wp-content\/uploads\/2025\/05\/Diseno-sin-titulo_20250518_223126_0000-1536x864.jpg",1536,864,true],"2048x2048":["https:\/\/elconquistadorredloslagos.cl\/test\/wp-content\/uploads\/2025\/05\/Diseno-sin-titulo_20250518_223126_0000.jpg",1920,1080,false]},"rttpg_author":{"display_name":"ccardenas","author_link":"https:\/\/elconquistadorredloslagos.cl\/test\/blog\/author\/ccardenas\/"},"rttpg_comment":0,"rttpg_category":"<a href=\"https:\/\/elconquistadorredloslagos.cl\/test\/blog\/category\/actual\/acontecer\/\" rel=\"category tag\">Acontecer<\/a> <a href=\"https:\/\/elconquistadorredloslagos.cl\/test\/blog\/category\/actual\/\" rel=\"category tag\">Actualidad<\/a>","rttpg_excerpt":"A nombre del municipio, el alcalde de Calbuco, Marco Silva, interpuso una querella criminal por cuasidelito de homicidio tras la muerte de Emilia Pinto Ledezma, ni\u00f1a de tres a\u00f1os que..","_links":{"self":[{"href":"https:\/\/elconquistadorredloslagos.cl\/test\/wp-json\/wp\/v2\/posts\/10378","targetHints":{"allow":["GET"]}}],"collection":[{"href":"https:\/\/elconquistadorredloslagos.cl\/test\/wp-json\/wp\/v2\/posts"}],"about":[{"href":"https:\/\/elconquistadorredloslagos.cl\/test\/wp-json\/wp\/v2\/types\/post"}],"author":[{"embeddable":true,"href":"https:\/\/elconquistadorredloslagos.cl\/test\/wp-json\/wp\/v2\/users\/2"}],"replies":[{"embeddable":true,"href":"https:\/\/elconquistadorredloslagos.cl\/test\/wp-json\/wp\/v2\/comments?post=10378"}],"version-history":[{"count":1,"href":"https:\/\/elconquistadorredloslagos.cl\/test\/wp-json\/wp\/v2\/posts\/10378\/revisions"}],"predecessor-version":[{"id":10380,"href":"https:\/\/elconquistadorredloslagos.cl\/test\/wp-json\/wp\/v2\/posts\/10378\/revisions\/10380"}],"wp:featuredmedia":[{"embeddable":true,"href":"https:\/\/elconquistadorredloslagos.cl\/test\/wp-json\/wp\/v2\/media\/10379"}],"wp:attachment":[{"href":"https:\/\/elconquistadorredloslagos.cl\/test\/wp-json\/wp\/v2\/media?parent=10378"}],"wp:term":[{"taxonomy":"category","embeddable":true,"href":"https:\/\/elconquistadorredloslagos.cl\/test\/wp-json\/wp\/v2\/categories?post=10378"},{"taxonomy":"post_tag","embeddable":true,"href":"https:\/\/elconquistadorredloslagos.cl\/test\/wp-json\/wp\/v2\/tags?post=10378"}],"curies":[{"name":"wp","href":"https:\/\/api.w.org\/{rel}","templated":true}]}}