{"id":10375,"date":"2025-05-19T08:45:39","date_gmt":"2025-05-19T12:45:39","guid":{"rendered":"https:\/\/elconquistadorredloslagos.cl\/test\/?p=10375"},"modified":"2025-05-19T08:45:40","modified_gmt":"2025-05-19T12:45:40","slug":"extradicion-de-pure-cartier-podria-demorar-hasta-seis-meses","status":"publish","type":"post","link":"https:\/\/elconquistadorredloslagos.cl\/test\/blog\/2025\/05\/19\/extradicion-de-pure-cartier-podria-demorar-hasta-seis-meses\/","title":{"rendered":"Extradici\u00f3n de \u201cPure Cartier\u201d podr\u00eda demorar hasta seis meses"},"content":{"rendered":"\n<p>La extradici\u00f3n de Gabriel Costa Escalante, alias \u201cPure Cartier\u201d, l\u00edder de una c\u00e9lula del Tren de Aragua, podr\u00eda tardar hasta seis meses, seg\u00fan estimaciones judiciales. <\/p>\n\n\n\n<p>El sujeto fue detenido recientemente en Colombia, tras una alerta roja internacional emitida desde la Regi\u00f3n de Los Lagos, Chile.<\/p>\n\n\n\n<p>Costa Escalante es sindicado como el cerebro de \u201cLos Hermanos Cartier\u201d, grupo acusado de cometer delitos como extorsiones, secuestros, homicidios y explotaci\u00f3n sexual en diversas comunas del sur chileno y la capital. <\/p>\n\n\n\n<p>Las autoridades lograron su captura tras una coordinaci\u00f3n entre la Fiscal\u00eda chilena, la PDI y sus pares colombianos.<\/p>\n\n\n\n<p>Actualmente bajo custodia en Colombia, enfrenta un proceso de extradici\u00f3n que implica procedimientos complejos. Seg\u00fan el abogado Alberto Merino, este tipo de tr\u00e1mites parte con una formalizaci\u00f3n en ausencia en Chile, seguida por la presentaci\u00f3n del caso ante la Corte de Apelaciones.<\/p>\n\n\n\n<p>El pa\u00eds receptor -en este caso Colombia- debe evaluar la solicitud como si se tratara de un juicio oral, lo que puede extender los plazos debido a diferencias en los sistemas legales y el est\u00e1ndar probatorio requerido.<\/p>\n\n\n\n<p>Desde el Ministerio P\u00fablico se enfatiza la gravedad de los cargos. Incluso, la Polic\u00eda Nacional de Colombia revel\u00f3 que \u201cPure Cartier\u201d manten\u00eda v\u00ednculos con \u201cChino San Vicente\u201d, l\u00edder del Tren de Aragua. <\/p>\n\n\n\n<p>De concretarse la extradici\u00f3n, Costa Escalante se sumar\u00eda a otros 29 detenidos en la desarticulaci\u00f3n de bandas transnacionales en la zona.<\/p>\n\n\n\n<p>\ud83d\udcf7 Referencial<\/p>\n","protected":false},"excerpt":{"rendered":"<p>La extradici\u00f3n de Gabriel Costa Escalante, alias \u201cPure Cartier\u201d, l\u00edder de una c\u00e9lula del Tren de Aragua, podr\u00eda tardar hasta seis meses, seg\u00fan estimaciones judiciales. El sujeto fue detenido recientemente..<\/p>\n","protected":false},"author":2,"featured_media":10376,"comment_status":"closed","ping_status":"open","sticky":false,"template":"","format":"standard","meta":{"footnotes":""},"categories":[1,28],"tags":[],"class_list":["post-10375","post","type-post","status-publish","format-standard","has-post-thumbnail","hentry","category-acontecer","category-actual"],"rttpg_featured_image_url":{"full":["https:\/\/elconquistadorredloslagos.cl\/test\/wp-content\/uploads\/2025\/05\/Diseno-sin-titulo_20250518_214004_0000.jpg",1920,1080,false],"landscape":["https:\/\/elconquistadorredloslagos.cl\/test\/wp-content\/uploads\/2025\/05\/Diseno-sin-titulo_20250518_214004_0000.jpg",1920,1080,false],"portraits":["https:\/\/elconquistadorredloslagos.cl\/test\/wp-content\/uploads\/2025\/05\/Diseno-sin-titulo_20250518_214004_0000.jpg",1920,1080,false],"thumbnail":["https:\/\/elconquistadorredloslagos.cl\/test\/wp-content\/uploads\/2025\/05\/Diseno-sin-titulo_20250518_214004_0000-150x150.jpg",150,150,true],"medium":["https:\/\/elconquistadorredloslagos.cl\/test\/wp-content\/uploads\/2025\/05\/Diseno-sin-titulo_20250518_214004_0000-300x169.jpg",300,169,true],"large":["https:\/\/elconquistadorredloslagos.cl\/test\/wp-content\/uploads\/2025\/05\/Diseno-sin-titulo_20250518_214004_0000-1024x576.jpg",1024,576,true],"1536x1536":["https:\/\/elconquistadorredloslagos.cl\/test\/wp-content\/uploads\/2025\/05\/Diseno-sin-titulo_20250518_214004_0000-1536x864.jpg",1536,864,true],"2048x2048":["https:\/\/elconquistadorredloslagos.cl\/test\/wp-content\/uploads\/2025\/05\/Diseno-sin-titulo_20250518_214004_0000.jpg",1920,1080,false]},"rttpg_author":{"display_name":"ccardenas","author_link":"https:\/\/elconquistadorredloslagos.cl\/test\/blog\/author\/ccardenas\/"},"rttpg_comment":0,"rttpg_category":"<a href=\"https:\/\/elconquistadorredloslagos.cl\/test\/blog\/category\/actual\/acontecer\/\" rel=\"category tag\">Acontecer<\/a> <a href=\"https:\/\/elconquistadorredloslagos.cl\/test\/blog\/category\/actual\/\" rel=\"category tag\">Actualidad<\/a>","rttpg_excerpt":"La extradici\u00f3n de Gabriel Costa Escalante, alias \u201cPure Cartier\u201d, l\u00edder de una c\u00e9lula del Tren de Aragua, podr\u00eda tardar hasta seis meses, seg\u00fan estimaciones judiciales. El sujeto fue detenido recientemente..","_links":{"self":[{"href":"https:\/\/elconquistadorredloslagos.cl\/test\/wp-json\/wp\/v2\/posts\/10375","targetHints":{"allow":["GET"]}}],"collection":[{"href":"https:\/\/elconquistadorredloslagos.cl\/test\/wp-json\/wp\/v2\/posts"}],"about":[{"href":"https:\/\/elconquistadorredloslagos.cl\/test\/wp-json\/wp\/v2\/types\/post"}],"author":[{"embeddable":true,"href":"https:\/\/elconquistadorredloslagos.cl\/test\/wp-json\/wp\/v2\/users\/2"}],"replies":[{"embeddable":true,"href":"https:\/\/elconquistadorredloslagos.cl\/test\/wp-json\/wp\/v2\/comments?post=10375"}],"version-history":[{"count":1,"href":"https:\/\/elconquistadorredloslagos.cl\/test\/wp-json\/wp\/v2\/posts\/10375\/revisions"}],"predecessor-version":[{"id":10377,"href":"https:\/\/elconquistadorredloslagos.cl\/test\/wp-json\/wp\/v2\/posts\/10375\/revisions\/10377"}],"wp:featuredmedia":[{"embeddable":true,"href":"https:\/\/elconquistadorredloslagos.cl\/test\/wp-json\/wp\/v2\/media\/10376"}],"wp:attachment":[{"href":"https:\/\/elconquistadorredloslagos.cl\/test\/wp-json\/wp\/v2\/media?parent=10375"}],"wp:term":[{"taxonomy":"category","embeddable":true,"href":"https:\/\/elconquistadorredloslagos.cl\/test\/wp-json\/wp\/v2\/categories?post=10375"},{"taxonomy":"post_tag","embeddable":true,"href":"https:\/\/elconquistadorredloslagos.cl\/test\/wp-json\/wp\/v2\/tags?post=10375"}],"curies":[{"name":"wp","href":"https:\/\/api.w.org\/{rel}","templated":true}]}}