{"id":10365,"date":"2025-05-16T17:44:58","date_gmt":"2025-05-16T21:44:58","guid":{"rendered":"https:\/\/elconquistadorredloslagos.cl\/test\/?p=10365"},"modified":"2025-05-16T17:44:58","modified_gmt":"2025-05-16T21:44:58","slug":"cae-peligrosa-banda-criminal-en-puerto-montt-cuyo-lider-quedo-en-prision-preventiva","status":"publish","type":"post","link":"https:\/\/elconquistadorredloslagos.cl\/test\/blog\/2025\/05\/16\/cae-peligrosa-banda-criminal-en-puerto-montt-cuyo-lider-quedo-en-prision-preventiva\/","title":{"rendered":"Cae peligrosa banda criminal en Puerto Montt cuyo l\u00edder qued\u00f3 en prisi\u00f3n preventiva"},"content":{"rendered":"\n<p>Una intensa investigaci\u00f3n iniciada a fines de 2023 culmin\u00f3 con la ca\u00edda de una organizaci\u00f3n criminal que operaba en el sector Alerce de Puerto Montt. El trabajo conjunto entre la Fiscal\u00eda Regional de Los Lagos y Carabineros, permiti\u00f3 desarticular la red responsable de delitos como tr\u00e1fico de drogas, asociaci\u00f3n il\u00edcita y tenencia ilegal de armas.<\/p>\n\n\n\n<p>Durante los operativos se incautaron m\u00e1s de 25 armas de fuego, cerca de 300 municiones y diversas sustancias il\u00edcitas. Ocho integrantes ya fueron formalizados y permanecen en prisi\u00f3n preventiva.<\/p>\n\n\n\n<p>Este jueves, la fiscal regional Carmen Gloria Wittwer anunci\u00f3 la formalizaci\u00f3n del presunto cabecilla de la banda, Luis Ram\u00edrez Bustamante, de 40 a\u00f1os, quien era uno de los principales objetivos de la investigaci\u00f3n.<\/p>\n\n\n\n<figure class=\"wp-block-audio\"><audio controls src=\"https:\/\/elconquistadorredloslagos.cl\/test\/wp-content\/uploads\/2025\/05\/FISCAL-CARMEN-GLORIA.mp3\"><\/audio><\/figure>\n\n\n\n<p>La persecutora destac\u00f3 la gravedad del arsenal incautado y el nivel de organizaci\u00f3n del grupo.<\/p>\n\n\n\n<p>\ud83d\udcf7 (Captura de video) Fiscal\u00eda<\/p>\n","protected":false},"excerpt":{"rendered":"<p>Una intensa investigaci\u00f3n iniciada a fines de 2023 culmin\u00f3 con la ca\u00edda de una organizaci\u00f3n criminal que operaba en el sector Alerce de Puerto Montt. El trabajo conjunto entre la..<\/p>\n","protected":false},"author":2,"featured_media":10366,"comment_status":"closed","ping_status":"open","sticky":false,"template":"","format":"standard","meta":{"footnotes":""},"categories":[1,28],"tags":[],"class_list":["post-10365","post","type-post","status-publish","format-standard","has-post-thumbnail","hentry","category-acontecer","category-actual"],"rttpg_featured_image_url":{"full":["https:\/\/elconquistadorredloslagos.cl\/test\/wp-content\/uploads\/2025\/05\/img-67.jpg",1920,1080,false],"landscape":["https:\/\/elconquistadorredloslagos.cl\/test\/wp-content\/uploads\/2025\/05\/img-67.jpg",1920,1080,false],"portraits":["https:\/\/elconquistadorredloslagos.cl\/test\/wp-content\/uploads\/2025\/05\/img-67.jpg",1920,1080,false],"thumbnail":["https:\/\/elconquistadorredloslagos.cl\/test\/wp-content\/uploads\/2025\/05\/img-67-150x150.jpg",150,150,true],"medium":["https:\/\/elconquistadorredloslagos.cl\/test\/wp-content\/uploads\/2025\/05\/img-67-300x169.jpg",300,169,true],"large":["https:\/\/elconquistadorredloslagos.cl\/test\/wp-content\/uploads\/2025\/05\/img-67-1024x576.jpg",1024,576,true],"1536x1536":["https:\/\/elconquistadorredloslagos.cl\/test\/wp-content\/uploads\/2025\/05\/img-67-1536x864.jpg",1536,864,true],"2048x2048":["https:\/\/elconquistadorredloslagos.cl\/test\/wp-content\/uploads\/2025\/05\/img-67.jpg",1920,1080,false]},"rttpg_author":{"display_name":"ccardenas","author_link":"https:\/\/elconquistadorredloslagos.cl\/test\/blog\/author\/ccardenas\/"},"rttpg_comment":0,"rttpg_category":"<a href=\"https:\/\/elconquistadorredloslagos.cl\/test\/blog\/category\/actual\/acontecer\/\" rel=\"category tag\">Acontecer<\/a> <a href=\"https:\/\/elconquistadorredloslagos.cl\/test\/blog\/category\/actual\/\" rel=\"category tag\">Actualidad<\/a>","rttpg_excerpt":"Una intensa investigaci\u00f3n iniciada a fines de 2023 culmin\u00f3 con la ca\u00edda de una organizaci\u00f3n criminal que operaba en el sector Alerce de Puerto Montt. El trabajo conjunto entre la..","_links":{"self":[{"href":"https:\/\/elconquistadorredloslagos.cl\/test\/wp-json\/wp\/v2\/posts\/10365","targetHints":{"allow":["GET"]}}],"collection":[{"href":"https:\/\/elconquistadorredloslagos.cl\/test\/wp-json\/wp\/v2\/posts"}],"about":[{"href":"https:\/\/elconquistadorredloslagos.cl\/test\/wp-json\/wp\/v2\/types\/post"}],"author":[{"embeddable":true,"href":"https:\/\/elconquistadorredloslagos.cl\/test\/wp-json\/wp\/v2\/users\/2"}],"replies":[{"embeddable":true,"href":"https:\/\/elconquistadorredloslagos.cl\/test\/wp-json\/wp\/v2\/comments?post=10365"}],"version-history":[{"count":1,"href":"https:\/\/elconquistadorredloslagos.cl\/test\/wp-json\/wp\/v2\/posts\/10365\/revisions"}],"predecessor-version":[{"id":10368,"href":"https:\/\/elconquistadorredloslagos.cl\/test\/wp-json\/wp\/v2\/posts\/10365\/revisions\/10368"}],"wp:featuredmedia":[{"embeddable":true,"href":"https:\/\/elconquistadorredloslagos.cl\/test\/wp-json\/wp\/v2\/media\/10366"}],"wp:attachment":[{"href":"https:\/\/elconquistadorredloslagos.cl\/test\/wp-json\/wp\/v2\/media?parent=10365"}],"wp:term":[{"taxonomy":"category","embeddable":true,"href":"https:\/\/elconquistadorredloslagos.cl\/test\/wp-json\/wp\/v2\/categories?post=10365"},{"taxonomy":"post_tag","embeddable":true,"href":"https:\/\/elconquistadorredloslagos.cl\/test\/wp-json\/wp\/v2\/tags?post=10365"}],"curies":[{"name":"wp","href":"https:\/\/api.w.org\/{rel}","templated":true}]}}