{"id":10355,"date":"2025-05-16T17:13:13","date_gmt":"2025-05-16T21:13:13","guid":{"rendered":"https:\/\/elconquistadorredloslagos.cl\/test\/?p=10355"},"modified":"2025-05-16T17:13:14","modified_gmt":"2025-05-16T21:13:14","slug":"hospital-de-quellon-llego-hasta-inio-para-informar-sobre-la-apertura-parcializada-del-nuevo-establecimiento","status":"publish","type":"post","link":"https:\/\/elconquistadorredloslagos.cl\/test\/blog\/2025\/05\/16\/hospital-de-quellon-llego-hasta-inio-para-informar-sobre-la-apertura-parcializada-del-nuevo-establecimiento\/","title":{"rendered":"Hospital de Quell\u00f3n lleg\u00f3 hasta Inio para informar sobre la apertura parcializada del nuevo establecimiento"},"content":{"rendered":"\n<p>En el marco de la Apertura Parcializada del Nuevo Hospital de Quell\u00f3n, el equipo de Gesti\u00f3n del Cambio se traslad\u00f3 a bordo del Buque Cirujano Videla hasta la remota localidad de INIO, en el extremo sur de la Isla de Chilo\u00e9. <\/p>\n\n\n\n<p>Este encuentro tuvo como objetivo primordial informar y dialogar directamente con los vecinos, abordando sus inquietudes sobre la gradual puesta en marcha del nuevo establecimiento de salud en los pr\u00f3ximos meses. Armando Gonz\u00e1lez, vecino y dirigente de Inio destac\u00f3 la importancia de la visita.<\/p>\n\n\n\n<figure class=\"wp-block-audio\"><audio controls src=\"https:\/\/elconquistadorredloslagos.cl\/test\/wp-content\/uploads\/2025\/05\/Armando-Gonzalez1.mp3\"><\/audio><\/figure>\n\n\n\n<p>En tanto el vecino Ren\u00e9 Monsalve valor\u00f3 la llegada del equipo al sector para entregar informaci\u00f3n.<\/p>\n\n\n\n<figure class=\"wp-block-audio\"><audio controls src=\"https:\/\/elconquistadorredloslagos.cl\/test\/wp-content\/uploads\/2025\/05\/Rene-Monsalve1-1.mp3\"><\/audio><\/figure>\n\n\n\n<p>Finalmente, la vecina Adriana Hueicha manifest\u00f3 lo positivo de haber llegado a la apartada localidad para conversar sobre el proyecto.<\/p>\n\n\n\n<figure class=\"wp-block-audio\"><audio controls src=\"https:\/\/elconquistadorredloslagos.cl\/test\/wp-content\/uploads\/2025\/05\/Adriana-Hueicha1.mp3\"><\/audio><\/figure>\n\n\n\n<p>En el encuentro se entregaron detalles sobre las prestaciones que comenzar\u00e1n a darse en el nuevo establecimiento y cuales se mantendr\u00e1n por ahora en el recinto actual. Esta visita marca el comienzo de una serie de encuentros que el equipo llevar\u00e1 a cabo a lo largo de la comuna y que busca entregar informaci\u00f3n sobre el proceso de apertura y detallar las prestaciones que prontamente estar\u00e1n disponibles en el Nuevo Hospital de Quell\u00f3n.<\/p>\n","protected":false},"excerpt":{"rendered":"<p>En el marco de la Apertura Parcializada del Nuevo Hospital de Quell\u00f3n, el equipo de Gesti\u00f3n del Cambio se traslad\u00f3 a bordo del Buque Cirujano Videla hasta la remota localidad..<\/p>\n","protected":false},"author":2,"featured_media":10360,"comment_status":"closed","ping_status":"open","sticky":false,"template":"","format":"standard","meta":{"footnotes":""},"categories":[1,28],"tags":[],"class_list":["post-10355","post","type-post","status-publish","format-standard","has-post-thumbnail","hentry","category-acontecer","category-actual"],"rttpg_featured_image_url":{"full":["https:\/\/elconquistadorredloslagos.cl\/test\/wp-content\/uploads\/2025\/05\/img-65.jpg",1920,1080,false],"landscape":["https:\/\/elconquistadorredloslagos.cl\/test\/wp-content\/uploads\/2025\/05\/img-65.jpg",1920,1080,false],"portraits":["https:\/\/elconquistadorredloslagos.cl\/test\/wp-content\/uploads\/2025\/05\/img-65.jpg",1920,1080,false],"thumbnail":["https:\/\/elconquistadorredloslagos.cl\/test\/wp-content\/uploads\/2025\/05\/img-65-150x150.jpg",150,150,true],"medium":["https:\/\/elconquistadorredloslagos.cl\/test\/wp-content\/uploads\/2025\/05\/img-65-300x169.jpg",300,169,true],"large":["https:\/\/elconquistadorredloslagos.cl\/test\/wp-content\/uploads\/2025\/05\/img-65-1024x576.jpg",1024,576,true],"1536x1536":["https:\/\/elconquistadorredloslagos.cl\/test\/wp-content\/uploads\/2025\/05\/img-65-1536x864.jpg",1536,864,true],"2048x2048":["https:\/\/elconquistadorredloslagos.cl\/test\/wp-content\/uploads\/2025\/05\/img-65.jpg",1920,1080,false]},"rttpg_author":{"display_name":"ccardenas","author_link":"https:\/\/elconquistadorredloslagos.cl\/test\/blog\/author\/ccardenas\/"},"rttpg_comment":0,"rttpg_category":"<a href=\"https:\/\/elconquistadorredloslagos.cl\/test\/blog\/category\/actual\/acontecer\/\" rel=\"category tag\">Acontecer<\/a> <a href=\"https:\/\/elconquistadorredloslagos.cl\/test\/blog\/category\/actual\/\" rel=\"category tag\">Actualidad<\/a>","rttpg_excerpt":"En el marco de la Apertura Parcializada del Nuevo Hospital de Quell\u00f3n, el equipo de Gesti\u00f3n del Cambio se traslad\u00f3 a bordo del Buque Cirujano Videla hasta la remota localidad..","_links":{"self":[{"href":"https:\/\/elconquistadorredloslagos.cl\/test\/wp-json\/wp\/v2\/posts\/10355","targetHints":{"allow":["GET"]}}],"collection":[{"href":"https:\/\/elconquistadorredloslagos.cl\/test\/wp-json\/wp\/v2\/posts"}],"about":[{"href":"https:\/\/elconquistadorredloslagos.cl\/test\/wp-json\/wp\/v2\/types\/post"}],"author":[{"embeddable":true,"href":"https:\/\/elconquistadorredloslagos.cl\/test\/wp-json\/wp\/v2\/users\/2"}],"replies":[{"embeddable":true,"href":"https:\/\/elconquistadorredloslagos.cl\/test\/wp-json\/wp\/v2\/comments?post=10355"}],"version-history":[{"count":1,"href":"https:\/\/elconquistadorredloslagos.cl\/test\/wp-json\/wp\/v2\/posts\/10355\/revisions"}],"predecessor-version":[{"id":10361,"href":"https:\/\/elconquistadorredloslagos.cl\/test\/wp-json\/wp\/v2\/posts\/10355\/revisions\/10361"}],"wp:featuredmedia":[{"embeddable":true,"href":"https:\/\/elconquistadorredloslagos.cl\/test\/wp-json\/wp\/v2\/media\/10360"}],"wp:attachment":[{"href":"https:\/\/elconquistadorredloslagos.cl\/test\/wp-json\/wp\/v2\/media?parent=10355"}],"wp:term":[{"taxonomy":"category","embeddable":true,"href":"https:\/\/elconquistadorredloslagos.cl\/test\/wp-json\/wp\/v2\/categories?post=10355"},{"taxonomy":"post_tag","embeddable":true,"href":"https:\/\/elconquistadorredloslagos.cl\/test\/wp-json\/wp\/v2\/tags?post=10355"}],"curies":[{"name":"wp","href":"https:\/\/api.w.org\/{rel}","templated":true}]}}