{"id":10352,"date":"2025-05-16T17:04:56","date_gmt":"2025-05-16T21:04:56","guid":{"rendered":"https:\/\/elconquistadorredloslagos.cl\/test\/?p=10352"},"modified":"2025-05-16T17:04:57","modified_gmt":"2025-05-16T21:04:57","slug":"inauguran-en-curaco-de-velez-el-primer-centro-comunitario-de-cuidados-en-chiloe-y-segundo-en-la-region-de-los-lagos","status":"publish","type":"post","link":"https:\/\/elconquistadorredloslagos.cl\/test\/blog\/2025\/05\/16\/inauguran-en-curaco-de-velez-el-primer-centro-comunitario-de-cuidados-en-chiloe-y-segundo-en-la-region-de-los-lagos\/","title":{"rendered":"Inauguran en Curaco de V\u00e9lez el primer Centro Comunitario de Cuidados en Chilo\u00e9 y segundo en la Regi\u00f3n de Los Lagos"},"content":{"rendered":"\n<p>Con m\u00e1s de un centenar de asistentes, autoridades y vecinos celebraron la apertura del primer Centro Comunitario de Cuidados de Chilo\u00e9, iniciativa pionera en el archipi\u00e9lago y segunda en la Regi\u00f3n de Los Lagos. El recinto, parte del programa Chile Cuida impulsado por el Gobierno y el Ministerio de Desarrollo Social, busca fortalecer el sistema nacional de apoyos a personas cuidadoras.<\/p>\n\n\n\n<p>Durante la ceremonia, marcada por un ambiente emotivo, la alcaldesa Javiera Y\u00e1\u00f1ez subray\u00f3 la importancia de este espacio para mujeres mayores que cuidan a familiares dependientes. \u201cEs un lugar para el acompa\u00f1amiento, la formaci\u00f3n y el bienestar\u201d, afirm\u00f3.<\/p>\n\n\n\n<p>Bernardita Garc\u00eda, cuidadora local, agradeci\u00f3 el centro como un punto de encuentro que combate el aislamiento. La subsecretaria Francisca Gallegos reafirm\u00f3 el compromiso gubernamental con la dignificaci\u00f3n de las labores de cuidado.<\/p>\n\n\n\n<p>El acto concluy\u00f3 con el corte de cinta y una visita a las instalaciones, dise\u00f1adas para fomentar la participaci\u00f3n y el bienestar integral. El centro se proyecta como referente regional en pol\u00edticas de cuidado con enfoque inclusivo y comunitario.<\/p>\n\n\n\n<p><\/p>\n","protected":false},"excerpt":{"rendered":"<p>Con m\u00e1s de un centenar de asistentes, autoridades y vecinos celebraron la apertura del primer Centro Comunitario de Cuidados de Chilo\u00e9, iniciativa pionera en el archipi\u00e9lago y segunda en la..<\/p>\n","protected":false},"author":2,"featured_media":10353,"comment_status":"closed","ping_status":"open","sticky":false,"template":"","format":"standard","meta":{"footnotes":""},"categories":[1,28],"tags":[],"class_list":["post-10352","post","type-post","status-publish","format-standard","has-post-thumbnail","hentry","category-acontecer","category-actual"],"rttpg_featured_image_url":{"full":["https:\/\/elconquistadorredloslagos.cl\/test\/wp-content\/uploads\/2025\/05\/img-64.jpg",1920,1080,false],"landscape":["https:\/\/elconquistadorredloslagos.cl\/test\/wp-content\/uploads\/2025\/05\/img-64.jpg",1920,1080,false],"portraits":["https:\/\/elconquistadorredloslagos.cl\/test\/wp-content\/uploads\/2025\/05\/img-64.jpg",1920,1080,false],"thumbnail":["https:\/\/elconquistadorredloslagos.cl\/test\/wp-content\/uploads\/2025\/05\/img-64-150x150.jpg",150,150,true],"medium":["https:\/\/elconquistadorredloslagos.cl\/test\/wp-content\/uploads\/2025\/05\/img-64-300x169.jpg",300,169,true],"large":["https:\/\/elconquistadorredloslagos.cl\/test\/wp-content\/uploads\/2025\/05\/img-64-1024x576.jpg",1024,576,true],"1536x1536":["https:\/\/elconquistadorredloslagos.cl\/test\/wp-content\/uploads\/2025\/05\/img-64-1536x864.jpg",1536,864,true],"2048x2048":["https:\/\/elconquistadorredloslagos.cl\/test\/wp-content\/uploads\/2025\/05\/img-64.jpg",1920,1080,false]},"rttpg_author":{"display_name":"ccardenas","author_link":"https:\/\/elconquistadorredloslagos.cl\/test\/blog\/author\/ccardenas\/"},"rttpg_comment":0,"rttpg_category":"<a href=\"https:\/\/elconquistadorredloslagos.cl\/test\/blog\/category\/actual\/acontecer\/\" rel=\"category tag\">Acontecer<\/a> <a href=\"https:\/\/elconquistadorredloslagos.cl\/test\/blog\/category\/actual\/\" rel=\"category tag\">Actualidad<\/a>","rttpg_excerpt":"Con m\u00e1s de un centenar de asistentes, autoridades y vecinos celebraron la apertura del primer Centro Comunitario de Cuidados de Chilo\u00e9, iniciativa pionera en el archipi\u00e9lago y segunda en la..","_links":{"self":[{"href":"https:\/\/elconquistadorredloslagos.cl\/test\/wp-json\/wp\/v2\/posts\/10352","targetHints":{"allow":["GET"]}}],"collection":[{"href":"https:\/\/elconquistadorredloslagos.cl\/test\/wp-json\/wp\/v2\/posts"}],"about":[{"href":"https:\/\/elconquistadorredloslagos.cl\/test\/wp-json\/wp\/v2\/types\/post"}],"author":[{"embeddable":true,"href":"https:\/\/elconquistadorredloslagos.cl\/test\/wp-json\/wp\/v2\/users\/2"}],"replies":[{"embeddable":true,"href":"https:\/\/elconquistadorredloslagos.cl\/test\/wp-json\/wp\/v2\/comments?post=10352"}],"version-history":[{"count":1,"href":"https:\/\/elconquistadorredloslagos.cl\/test\/wp-json\/wp\/v2\/posts\/10352\/revisions"}],"predecessor-version":[{"id":10354,"href":"https:\/\/elconquistadorredloslagos.cl\/test\/wp-json\/wp\/v2\/posts\/10352\/revisions\/10354"}],"wp:featuredmedia":[{"embeddable":true,"href":"https:\/\/elconquistadorredloslagos.cl\/test\/wp-json\/wp\/v2\/media\/10353"}],"wp:attachment":[{"href":"https:\/\/elconquistadorredloslagos.cl\/test\/wp-json\/wp\/v2\/media?parent=10352"}],"wp:term":[{"taxonomy":"category","embeddable":true,"href":"https:\/\/elconquistadorredloslagos.cl\/test\/wp-json\/wp\/v2\/categories?post=10352"},{"taxonomy":"post_tag","embeddable":true,"href":"https:\/\/elconquistadorredloslagos.cl\/test\/wp-json\/wp\/v2\/tags?post=10352"}],"curies":[{"name":"wp","href":"https:\/\/api.w.org\/{rel}","templated":true}]}}