{"id":10348,"date":"2025-05-16T16:54:55","date_gmt":"2025-05-16T20:54:55","guid":{"rendered":"https:\/\/elconquistadorredloslagos.cl\/test\/?p=10348"},"modified":"2025-05-16T16:54:56","modified_gmt":"2025-05-16T20:54:56","slug":"senapred-declara-alerta-amarilla-en-palena-por-deslizamientos-y-aislamiento-vial","status":"publish","type":"post","link":"https:\/\/elconquistadorredloslagos.cl\/test\/blog\/2025\/05\/16\/senapred-declara-alerta-amarilla-en-palena-por-deslizamientos-y-aislamiento-vial\/","title":{"rendered":"SENAPRED declara Alerta Amarilla en Palena por deslizamientos y aislamiento vial"},"content":{"rendered":"\n<p>La provincia de Palena se encuentra bajo Alerta Amarilla por parte del Servicio Nacional de Prevenci\u00f3n y Respuesta Ante Desastres (SENAPRED) tras registrarse tres remociones en masa que han afectado gravemente la conectividad en la zona. El hecho m\u00e1s cr\u00edtico ocurri\u00f3 en el kil\u00f3metro 191 de la Carretera Austral, sector Fandango, donde un deslizamiento destruy\u00f3 una vivienda y oblig\u00f3 a evacuar a sus ocupantes.<\/p>\n\n\n\n<p>Otros dos eventos impactaron la comuna de Chait\u00e9n, espec\u00edficamente cerca del sector Santa B\u00e1rbara, interrumpiendo la Ruta 7. Adem\u00e1s, se report\u00f3 un nuevo corte en la ruta W-807, a la altura del kil\u00f3metro 5, camino al aer\u00f3dromo de Santa B\u00e1rbara que permanece cerrado.<\/p>\n\n\n\n<p>Mitzio Riquelme, director regional del SENAPRED, inform\u00f3 que los equipos de emergencia se encuentran operando en condiciones meteorol\u00f3gicas extremas, a la espera de nuevos reportes oficiales.<\/p>\n\n\n\n<figure class=\"wp-block-audio\"><audio controls src=\"https:\/\/elconquistadorredloslagos.cl\/test\/wp-content\/uploads\/2025\/05\/MITIZIO.mp3\"><\/audio><\/figure>\n\n\n\n<p>Como medida preventiva, los vuelos hacia Chait\u00e9n fueron suspendidos, lo que, sumado al bloqueo de rutas, mantiene a la provincia de Palena en un aislamiento temporal.<\/p>\n\n\n\n<p>\ud83d\udcf7 <a href=\"https:\/\/www.facebook.com\/diarioelhuemul?__cft__[0]=AZVWz7pHdteDYl0NYS6W8BrbO2IzhweSknc8AGUB1l7a2oHN8oD-7EShiRjiLJKjq-t6M9el9A1m7dq5yhYv1kzVIFteBWvtgoNb-P5ku2W34trExJwUxa9u_U89yz7YbnywE0Wse4_4yFBqOeyZfqo5n3RAIc_flX4FnhthPwijYVft15XugP4oxt-gRMIMKrPNxvkvYklyj90pnEerHqVt&amp;__tn__=-UC*F\">Diario El Huemul;Provincia de Palena<\/a> &#8211; Facebook<\/p>\n","protected":false},"excerpt":{"rendered":"<p>La provincia de Palena se encuentra bajo Alerta Amarilla por parte del Servicio Nacional de Prevenci\u00f3n y Respuesta Ante Desastres (SENAPRED) tras registrarse tres remociones en masa que han afectado..<\/p>\n","protected":false},"author":2,"featured_media":10350,"comment_status":"closed","ping_status":"open","sticky":false,"template":"","format":"standard","meta":{"footnotes":""},"categories":[1,28],"tags":[],"class_list":["post-10348","post","type-post","status-publish","format-standard","has-post-thumbnail","hentry","category-acontecer","category-actual"],"rttpg_featured_image_url":{"full":["https:\/\/elconquistadorredloslagos.cl\/test\/wp-content\/uploads\/2025\/05\/img-63.jpg",1920,1080,false],"landscape":["https:\/\/elconquistadorredloslagos.cl\/test\/wp-content\/uploads\/2025\/05\/img-63.jpg",1920,1080,false],"portraits":["https:\/\/elconquistadorredloslagos.cl\/test\/wp-content\/uploads\/2025\/05\/img-63.jpg",1920,1080,false],"thumbnail":["https:\/\/elconquistadorredloslagos.cl\/test\/wp-content\/uploads\/2025\/05\/img-63-150x150.jpg",150,150,true],"medium":["https:\/\/elconquistadorredloslagos.cl\/test\/wp-content\/uploads\/2025\/05\/img-63-300x169.jpg",300,169,true],"large":["https:\/\/elconquistadorredloslagos.cl\/test\/wp-content\/uploads\/2025\/05\/img-63-1024x576.jpg",1024,576,true],"1536x1536":["https:\/\/elconquistadorredloslagos.cl\/test\/wp-content\/uploads\/2025\/05\/img-63-1536x864.jpg",1536,864,true],"2048x2048":["https:\/\/elconquistadorredloslagos.cl\/test\/wp-content\/uploads\/2025\/05\/img-63.jpg",1920,1080,false]},"rttpg_author":{"display_name":"ccardenas","author_link":"https:\/\/elconquistadorredloslagos.cl\/test\/blog\/author\/ccardenas\/"},"rttpg_comment":0,"rttpg_category":"<a href=\"https:\/\/elconquistadorredloslagos.cl\/test\/blog\/category\/actual\/acontecer\/\" rel=\"category tag\">Acontecer<\/a> <a href=\"https:\/\/elconquistadorredloslagos.cl\/test\/blog\/category\/actual\/\" rel=\"category tag\">Actualidad<\/a>","rttpg_excerpt":"La provincia de Palena se encuentra bajo Alerta Amarilla por parte del Servicio Nacional de Prevenci\u00f3n y Respuesta Ante Desastres (SENAPRED) tras registrarse tres remociones en masa que han afectado..","_links":{"self":[{"href":"https:\/\/elconquistadorredloslagos.cl\/test\/wp-json\/wp\/v2\/posts\/10348","targetHints":{"allow":["GET"]}}],"collection":[{"href":"https:\/\/elconquistadorredloslagos.cl\/test\/wp-json\/wp\/v2\/posts"}],"about":[{"href":"https:\/\/elconquistadorredloslagos.cl\/test\/wp-json\/wp\/v2\/types\/post"}],"author":[{"embeddable":true,"href":"https:\/\/elconquistadorredloslagos.cl\/test\/wp-json\/wp\/v2\/users\/2"}],"replies":[{"embeddable":true,"href":"https:\/\/elconquistadorredloslagos.cl\/test\/wp-json\/wp\/v2\/comments?post=10348"}],"version-history":[{"count":1,"href":"https:\/\/elconquistadorredloslagos.cl\/test\/wp-json\/wp\/v2\/posts\/10348\/revisions"}],"predecessor-version":[{"id":10351,"href":"https:\/\/elconquistadorredloslagos.cl\/test\/wp-json\/wp\/v2\/posts\/10348\/revisions\/10351"}],"wp:featuredmedia":[{"embeddable":true,"href":"https:\/\/elconquistadorredloslagos.cl\/test\/wp-json\/wp\/v2\/media\/10350"}],"wp:attachment":[{"href":"https:\/\/elconquistadorredloslagos.cl\/test\/wp-json\/wp\/v2\/media?parent=10348"}],"wp:term":[{"taxonomy":"category","embeddable":true,"href":"https:\/\/elconquistadorredloslagos.cl\/test\/wp-json\/wp\/v2\/categories?post=10348"},{"taxonomy":"post_tag","embeddable":true,"href":"https:\/\/elconquistadorredloslagos.cl\/test\/wp-json\/wp\/v2\/tags?post=10348"}],"curies":[{"name":"wp","href":"https:\/\/api.w.org\/{rel}","templated":true}]}}