{"id":10331,"date":"2025-05-16T11:57:49","date_gmt":"2025-05-16T15:57:49","guid":{"rendered":"https:\/\/elconquistadorredloslagos.cl\/test\/?p=10331"},"modified":"2025-05-16T11:57:50","modified_gmt":"2025-05-16T15:57:50","slug":"dimak-inaugura-su-segunda-planta-solar-y-alcanza-el-35-de-autosuficiencia-energetica-en-su-centro-de-distribucion-osorno","status":"publish","type":"post","link":"https:\/\/elconquistadorredloslagos.cl\/test\/blog\/2025\/05\/16\/dimak-inaugura-su-segunda-planta-solar-y-alcanza-el-35-de-autosuficiencia-energetica-en-su-centro-de-distribucion-osorno\/","title":{"rendered":"Dimak inaugura su segunda planta solar y alcanza el 35% de autosuficiencia energ\u00e9tica en su Centro de Distribuci\u00f3n Osorno"},"content":{"rendered":"\n<h5 class=\"wp-block-heading\"><em>Se trata de la planta a techo m\u00e1s importante del sur del pa\u00eds.<\/em><\/h5>\n\n\n\n<p>Osorno, 15 de mayo de 2025. La empresa de distribuci\u00f3n Dimak inaugur\u00f3 su segunda planta solar fotovoltaica en su Centro de Distribuci\u00f3n de Osorno, sumando un nuevo hito en su camino hacia una operaci\u00f3n m\u00e1s eficiente, aut\u00f3noma y sustentable.<\/p>\n\n\n\n<p>La nueva planta, desarrollada por Saesa Innova, cuenta con una capacidad instalada de 402,52 kWp y est\u00e1 dise\u00f1ada para cubrir alrededor del 40% del consumo anual del Empalme 2 del recinto. Se trata de la segunda etapa de un proceso iniciado en febrero de 2024, cuando se puso en marcha la primera planta fotovoltaica en el mismo centro, con una capacidad de 360 kWp.<\/p>\n\n\n\n<p>Con ambas instalaciones operativas, Dimak alcanza una capacidad total instalada de 763,24 kWp, lo que permite cubrir aproximadamente el 35% del consumo el\u00e9ctrico total del Centro de Distribuci\u00f3n. Estas inversiones han significado un esfuerzo superior a los $400 millones.<\/p>\n\n\n\n<p>La ceremonia de inauguraci\u00f3n cont\u00f3 con la presencia de autoridades e invitados especiales, encabezados por la delegada presidencial, Claudia Pailalef, quien destac\u00f3 la inversi\u00f3n como un ejemplo en materia de transformaci\u00f3n energ\u00e9tica en la provincia, uno de los focos estrat\u00e9gicos impulsados como pol\u00edtica de Estado por nuestro pa\u00eds, a trav\u00e9s de un marco institucional robusto que lo hace posible.<\/p>\n\n\n\n<p>Camila Trujillo, Gerente de Energ\u00eda de Saesa Innova, coment\u00f3 que \u201ceste importante evento marca un nuevo paso hacia la eficiencia energ\u00e9tica, la sostenibilidad y la innovaci\u00f3n, reafirmando el compromiso de las instituciones organizadoras con el cuidado del medio ambiente y el desarrollo tecnol\u00f3gico de la regi\u00f3n\u201d.<\/p>\n\n\n\n<figure class=\"wp-block-image size-large\"><img loading=\"lazy\" decoding=\"async\" width=\"1024\" height=\"576\" src=\"https:\/\/elconquistadorredloslagos.cl\/test\/wp-content\/uploads\/2025\/05\/DIMARK-2-1024x576.png\" alt=\"\" class=\"wp-image-10333\" \/><\/figure>\n\n\n\n<p>Rodrigo Barahona, jefe de Negocios Industriales de Saesa Innova, detall\u00f3 que este proyecto se trata de la planta fotovoltaica a techo m\u00e1s importante del sur, considerando potencia y generaci\u00f3n. \u201cEstamos muy agradecidos de la confianza que han tenido en nosotros para acompa\u00f1arlos en su transici\u00f3n\u201d.<\/p>\n\n\n\n<p>M\u00e1s all\u00e1 del impacto operativo y econ\u00f3mico, esta transformaci\u00f3n energ\u00e9tica representa un importante aporte medioambiental: permitir\u00e1 evitar la emisi\u00f3n de cerca de 300 toneladas de CO\u2082 al a\u00f1o, lo que equivale al consumo el\u00e9ctrico anual de m\u00e1s de 400 hogares chilenos promedio.<\/p>\n\n\n\n<p>El sistema incluye monitoreo en l\u00ednea y en tiempo real, lo que permite optimizar el uso de la energ\u00eda generada y avanzar en eficiencia. La primera planta cuenta con certificaci\u00f3n de la Superintendencia de Electricidad y Combustibles (SEC), mientras que la segunda ya fue desarrollada bajo el mismo est\u00e1ndar y su certificaci\u00f3n se encuentra en tr\u00e1mite.<\/p>\n\n\n\n<p>\u201cEsta inversi\u00f3n expresa con hechos nuestro compromiso con un futuro sostenible. Sabemos que apoyar a m\u00e1s de 31.000 micro y peque\u00f1os comerciantes a lo largo del sur de Chile implica tambi\u00e9n ser responsables con el entorno. No se trata solo de reducir costos o emisiones, sino de reafirmar nuestra identidad como una empresa que innova para servir mejor\u201d, se\u00f1al\u00f3 Juan Carlos Bayelle, gerente de Operaciones de Dimak.<\/p>\n\n\n\n<p>La estrategia de sostenibilidad de la compa\u00f1\u00eda es parte de su hoja de ruta denominada Dimak 2030, que apunta a consolidarse como una compa\u00f1\u00eda eficiente, humana y cada vez m\u00e1s comprometida con el desarrollo del pa\u00eds.<\/p>\n","protected":false},"excerpt":{"rendered":"<p>Se trata de la planta a techo m\u00e1s importante del sur del pa\u00eds. Osorno, 15 de mayo de 2025. La empresa de distribuci\u00f3n Dimak inaugur\u00f3 su segunda planta solar fotovoltaica..<\/p>\n","protected":false},"author":7,"featured_media":10332,"comment_status":"closed","ping_status":"open","sticky":false,"template":"","format":"standard","meta":{"footnotes":""},"categories":[1],"tags":[],"class_list":["post-10331","post","type-post","status-publish","format-standard","has-post-thumbnail","hentry","category-acontecer"],"rttpg_featured_image_url":{"full":["https:\/\/elconquistadorredloslagos.cl\/test\/wp-content\/uploads\/2025\/05\/DIMARK.png",1920,1080,false],"landscape":["https:\/\/elconquistadorredloslagos.cl\/test\/wp-content\/uploads\/2025\/05\/DIMARK.png",1920,1080,false],"portraits":["https:\/\/elconquistadorredloslagos.cl\/test\/wp-content\/uploads\/2025\/05\/DIMARK.png",1920,1080,false],"thumbnail":["https:\/\/elconquistadorredloslagos.cl\/test\/wp-content\/uploads\/2025\/05\/DIMARK-150x150.png",150,150,true],"medium":["https:\/\/elconquistadorredloslagos.cl\/test\/wp-content\/uploads\/2025\/05\/DIMARK-300x169.png",300,169,true],"large":["https:\/\/elconquistadorredloslagos.cl\/test\/wp-content\/uploads\/2025\/05\/DIMARK-1024x576.png",1024,576,true],"1536x1536":["https:\/\/elconquistadorredloslagos.cl\/test\/wp-content\/uploads\/2025\/05\/DIMARK-1536x864.png",1536,864,true],"2048x2048":["https:\/\/elconquistadorredloslagos.cl\/test\/wp-content\/uploads\/2025\/05\/DIMARK.png",1920,1080,false]},"rttpg_author":{"display_name":"enzodelahoz1988","author_link":"https:\/\/elconquistadorredloslagos.cl\/test\/blog\/author\/enzodelahoz1988\/"},"rttpg_comment":0,"rttpg_category":"<a href=\"https:\/\/elconquistadorredloslagos.cl\/test\/blog\/category\/actual\/acontecer\/\" rel=\"category tag\">Acontecer<\/a>","rttpg_excerpt":"Se trata de la planta a techo m\u00e1s importante del sur del pa\u00eds. Osorno, 15 de mayo de 2025. La empresa de distribuci\u00f3n Dimak inaugur\u00f3 su segunda planta solar fotovoltaica..","_links":{"self":[{"href":"https:\/\/elconquistadorredloslagos.cl\/test\/wp-json\/wp\/v2\/posts\/10331","targetHints":{"allow":["GET"]}}],"collection":[{"href":"https:\/\/elconquistadorredloslagos.cl\/test\/wp-json\/wp\/v2\/posts"}],"about":[{"href":"https:\/\/elconquistadorredloslagos.cl\/test\/wp-json\/wp\/v2\/types\/post"}],"author":[{"embeddable":true,"href":"https:\/\/elconquistadorredloslagos.cl\/test\/wp-json\/wp\/v2\/users\/7"}],"replies":[{"embeddable":true,"href":"https:\/\/elconquistadorredloslagos.cl\/test\/wp-json\/wp\/v2\/comments?post=10331"}],"version-history":[{"count":1,"href":"https:\/\/elconquistadorredloslagos.cl\/test\/wp-json\/wp\/v2\/posts\/10331\/revisions"}],"predecessor-version":[{"id":10334,"href":"https:\/\/elconquistadorredloslagos.cl\/test\/wp-json\/wp\/v2\/posts\/10331\/revisions\/10334"}],"wp:featuredmedia":[{"embeddable":true,"href":"https:\/\/elconquistadorredloslagos.cl\/test\/wp-json\/wp\/v2\/media\/10332"}],"wp:attachment":[{"href":"https:\/\/elconquistadorredloslagos.cl\/test\/wp-json\/wp\/v2\/media?parent=10331"}],"wp:term":[{"taxonomy":"category","embeddable":true,"href":"https:\/\/elconquistadorredloslagos.cl\/test\/wp-json\/wp\/v2\/categories?post=10331"},{"taxonomy":"post_tag","embeddable":true,"href":"https:\/\/elconquistadorredloslagos.cl\/test\/wp-json\/wp\/v2\/tags?post=10331"}],"curies":[{"name":"wp","href":"https:\/\/api.w.org\/{rel}","templated":true}]}}