{"id":10328,"date":"2025-05-16T11:17:55","date_gmt":"2025-05-16T15:17:55","guid":{"rendered":"https:\/\/elconquistadorredloslagos.cl\/test\/?p=10328"},"modified":"2025-05-16T11:17:55","modified_gmt":"2025-05-16T15:17:55","slug":"profesores-de-escuelas-multigrado-de-cochamo-se-formaran-en-liderazgo-y-habilidades-digitales","status":"publish","type":"post","link":"https:\/\/elconquistadorredloslagos.cl\/test\/blog\/2025\/05\/16\/profesores-de-escuelas-multigrado-de-cochamo-se-formaran-en-liderazgo-y-habilidades-digitales\/","title":{"rendered":"Profesores de escuelas multigrado de Cocham\u00f3 se formar\u00e1n en liderazgo y habilidades digitales"},"content":{"rendered":"\n<p><em>Mediante sesiones formativas, ocho educadores de escuelas rurales de la comuna impulsar\u00e1n su pr\u00e1ctica pedag\u00f3gica en pos del aprendizaje de los estudiantes de la zona. La iniciativa ser\u00e1 posible gracias al apoyo de la Fundaci\u00f3n Colb\u00fan y Ense\u00f1a Chile.<\/em><\/p>\n\n\n\n<p>Con la firma del acuerdo de colaboraci\u00f3n se dio el puntapi\u00e9 inicial al proyecto de Asesor\u00eda en Red, que consiste en un proceso formativo para los ocho profesores, docentes encargados y asistentes de la educaci\u00f3n pertenecientes a siete escuelas rurales multigrado de la comuna. La iniciativa, impulsada por la Fundaci\u00f3n Colb\u00fan y Ense\u00f1a Chile, en alianza con el DAEM y la Municipalidad de Cocham\u00f3, permitir\u00e1 fortalecer las competencias de liderazgo, pr\u00e1cticas pedag\u00f3gicas y habilidades digitales de los educadores, permiti\u00e9ndoles potenciar el desarrollo integral de sus estudiantes.<\/p>\n\n\n\n<p>El proyecto surge en el marco del \u201cPrograma Transformando Escuelas\u201d de la Fundaci\u00f3n Colb\u00fan, que busca promover una transformaci\u00f3n cultural en comunidades educativas, fortaleciendo capacidades y habilidades para un futuro sostenible. B\u00e1rbara Wielandt, Directora Ejecutiva de la Fundaci\u00f3n Colb\u00fan, explica que la alianza junto a Ense\u00f1a Chile y el DAEM de Cocham\u00f3 busca \u201centregar herramientas, fortalecer las capacidades de ense\u00f1anza que tienen los directores y que son profesores a la vez de escuelas multigrado, para poder crear buenas experiencias educativas a los alumnas y alumnos de esta comuna\u201d.<\/p>\n\n\n\n<p>La asesor\u00eda ser\u00e1 liderada por Ense\u00f1a Chile, organizaci\u00f3n con 17 a\u00f1os de experiencia en liderazgo colectivo e innovaci\u00f3n pedag\u00f3gica, mediante sesiones del microcentro de Reloncav\u00ed, respondiendo a las necesidades de las escuelas a trav\u00e9s del acompa\u00f1amiento de una asesora de la fundaci\u00f3n en terreno. Jennifer Masotti, Directora de Ense\u00f1a Chile en Patagonia, explica que \u201ccreemos firmemente que los estudiantes aprenden m\u00e1s y mejor si est\u00e1n inmersos en comunidades educativas que tambi\u00e9n aprenden y este proyecto es una muestra concreta de esta convicci\u00f3n. Formar a quienes educan es una de las herramientas m\u00e1s poderosas que tenemos para transformar realidades, pues as\u00ed impulsamos salas de clases llenas de prop\u00f3sito, sue\u00f1os y estudiantes protagonistas de su aprendizaje\u201d.<\/p>\n\n\n\n<p>En esa l\u00ednea, Francisco Donoso, Alcalde de Cocham\u00f3, valora que el proyecto se desarrollar\u00e1 en una \u201ccomuna rural, de dif\u00edcil acceso, con escasos recursos, donde el modelo de alianzas colaborativas viene a fortalecer las funciones propias del municipio\u201d. Por su parte, Macarena Beroiza, Jefa del Departamento de Educaci\u00f3n Municipal de Cocham\u00f3, comenta que \u201cnecesitamos que nuestros docentes est\u00e9n actualizados en las nuevas tecnolog\u00edas que se requieren en la educaci\u00f3n del siglo XXI y vamos a poder dotar de mayores competencias y habilidades para lo que realizan los profesores en el aula\u201d.<\/p>\n\n\n\n<p>Para Joaqu\u00edn Villarroel, docente encargado de la Escuela Rural Litoral de Llaguepe, cuenta que \u201cdebido a la lejan\u00eda de nuestras escuelas tenemos dificultades para salir a centros de estudios donde poder perfeccionarnos. Iniciativas como esta nos permiten actualizar nuestros conocimientos para preparar mejor a nuestros estudiantes para la vida\u201d.<\/p>\n\n\n\n<p>Proyectos y alianzas como estos demuestran que, si diversos actores p\u00fablicos, privados y de la sociedad civil se unen en torno al aprendizaje y desarrollo de los estudiantes, los ni\u00f1os y ni\u00f1as podr\u00e1n tener mejores oportunidades a futuro.<\/p>\n","protected":false},"excerpt":{"rendered":"<p>Mediante sesiones formativas, ocho educadores de escuelas rurales de la comuna impulsar\u00e1n su pr\u00e1ctica pedag\u00f3gica en pos del aprendizaje de los estudiantes de la zona. La iniciativa ser\u00e1 posible gracias..<\/p>\n","protected":false},"author":7,"featured_media":10329,"comment_status":"closed","ping_status":"open","sticky":false,"template":"","format":"standard","meta":{"footnotes":""},"categories":[28],"tags":[],"class_list":["post-10328","post","type-post","status-publish","format-standard","has-post-thumbnail","hentry","category-actual"],"rttpg_featured_image_url":{"full":["https:\/\/elconquistadorredloslagos.cl\/test\/wp-content\/uploads\/2025\/05\/profesores-cochamo.png",1920,1080,false],"landscape":["https:\/\/elconquistadorredloslagos.cl\/test\/wp-content\/uploads\/2025\/05\/profesores-cochamo.png",1920,1080,false],"portraits":["https:\/\/elconquistadorredloslagos.cl\/test\/wp-content\/uploads\/2025\/05\/profesores-cochamo.png",1920,1080,false],"thumbnail":["https:\/\/elconquistadorredloslagos.cl\/test\/wp-content\/uploads\/2025\/05\/profesores-cochamo-150x150.png",150,150,true],"medium":["https:\/\/elconquistadorredloslagos.cl\/test\/wp-content\/uploads\/2025\/05\/profesores-cochamo-300x169.png",300,169,true],"large":["https:\/\/elconquistadorredloslagos.cl\/test\/wp-content\/uploads\/2025\/05\/profesores-cochamo-1024x576.png",1024,576,true],"1536x1536":["https:\/\/elconquistadorredloslagos.cl\/test\/wp-content\/uploads\/2025\/05\/profesores-cochamo-1536x864.png",1536,864,true],"2048x2048":["https:\/\/elconquistadorredloslagos.cl\/test\/wp-content\/uploads\/2025\/05\/profesores-cochamo.png",1920,1080,false]},"rttpg_author":{"display_name":"enzodelahoz1988","author_link":"https:\/\/elconquistadorredloslagos.cl\/test\/blog\/author\/enzodelahoz1988\/"},"rttpg_comment":0,"rttpg_category":"<a href=\"https:\/\/elconquistadorredloslagos.cl\/test\/blog\/category\/actual\/\" rel=\"category tag\">Actualidad<\/a>","rttpg_excerpt":"Mediante sesiones formativas, ocho educadores de escuelas rurales de la comuna impulsar\u00e1n su pr\u00e1ctica pedag\u00f3gica en pos del aprendizaje de los estudiantes de la zona. La iniciativa ser\u00e1 posible gracias..","_links":{"self":[{"href":"https:\/\/elconquistadorredloslagos.cl\/test\/wp-json\/wp\/v2\/posts\/10328","targetHints":{"allow":["GET"]}}],"collection":[{"href":"https:\/\/elconquistadorredloslagos.cl\/test\/wp-json\/wp\/v2\/posts"}],"about":[{"href":"https:\/\/elconquistadorredloslagos.cl\/test\/wp-json\/wp\/v2\/types\/post"}],"author":[{"embeddable":true,"href":"https:\/\/elconquistadorredloslagos.cl\/test\/wp-json\/wp\/v2\/users\/7"}],"replies":[{"embeddable":true,"href":"https:\/\/elconquistadorredloslagos.cl\/test\/wp-json\/wp\/v2\/comments?post=10328"}],"version-history":[{"count":1,"href":"https:\/\/elconquistadorredloslagos.cl\/test\/wp-json\/wp\/v2\/posts\/10328\/revisions"}],"predecessor-version":[{"id":10330,"href":"https:\/\/elconquistadorredloslagos.cl\/test\/wp-json\/wp\/v2\/posts\/10328\/revisions\/10330"}],"wp:featuredmedia":[{"embeddable":true,"href":"https:\/\/elconquistadorredloslagos.cl\/test\/wp-json\/wp\/v2\/media\/10329"}],"wp:attachment":[{"href":"https:\/\/elconquistadorredloslagos.cl\/test\/wp-json\/wp\/v2\/media?parent=10328"}],"wp:term":[{"taxonomy":"category","embeddable":true,"href":"https:\/\/elconquistadorredloslagos.cl\/test\/wp-json\/wp\/v2\/categories?post=10328"},{"taxonomy":"post_tag","embeddable":true,"href":"https:\/\/elconquistadorredloslagos.cl\/test\/wp-json\/wp\/v2\/tags?post=10328"}],"curies":[{"name":"wp","href":"https:\/\/api.w.org\/{rel}","templated":true}]}}