{"id":10324,"date":"2025-05-16T10:05:21","date_gmt":"2025-05-16T14:05:21","guid":{"rendered":"https:\/\/elconquistadorredloslagos.cl\/test\/?p=10324"},"modified":"2025-05-16T10:21:25","modified_gmt":"2025-05-16T14:21:25","slug":"fiscalia-de-quellon-confirmaria-suicidio-tras-hallazgo-de-cuerpo-en-isla-laitec","status":"publish","type":"post","link":"https:\/\/elconquistadorredloslagos.cl\/test\/blog\/2025\/05\/16\/fiscalia-de-quellon-confirmaria-suicidio-tras-hallazgo-de-cuerpo-en-isla-laitec\/","title":{"rendered":"Fiscal\u00eda de Quell\u00f3n confirmar\u00eda suicidio tras hallazgo de cuerpo en isla Laitec"},"content":{"rendered":"\n<p>La Fiscal\u00eda Local de Quell\u00f3n prepara el cierre de una investigaci\u00f3n tras determinar que la muerte de un hombre hallado flotando en el mar corresponder\u00eda a un suicidio. El hallazgo, ocurrido la ma\u00f1ana del mi\u00e9rcoles en isla Laitec, moviliz\u00f3 a personal de la Armada y gener\u00f3 conmoci\u00f3n en la comunidad.<\/p>\n\n\n\n<p>El cad\u00e1ver, con manos y pies amarrados y un peso adherido al cuerpo, fue rescatado efectivos de la polic\u00eda mar\u00edtima. Peritajes del Servicio M\u00e9dico Legal de Castro y la Polic\u00eda de Investigaciones (PDI) no detectaron signos de participaci\u00f3n de terceros, mientras que informes preliminares apuntan a que las ataduras habr\u00edan sido realizadas por la propia v\u00edctima.<\/p>\n\n\n\n<p>El fallecido identificado con las iniciales L.J.G.O., de 58 a\u00f1os, padec\u00eda un trastorno bipolar con episodios depresivos. Se habr\u00eda encontrado una nota de despedida entre sus pertenencias, y familiares confirmaron antecedentes de intentos anteriores de suicidio.<\/p>\n\n\n\n<figure class=\"wp-block-audio\"><audio controls src=\"https:\/\/elconquistadorredloslagos.cl\/test\/wp-content\/uploads\/2025\/05\/Felipe-Rodriguez-online-audio-converter.com_.mp3\"><\/audio><\/figure>\n\n\n\n<p>El fiscal (s) de Quell\u00f3n Felipe Rodr\u00edguez, se refiri\u00f3 a los resultados de las diligencias para establecer la causa de muerte de esta persona.<\/p>\n\n\n\n<p>\ud83d\udcf7 Referencial (Contexto) <\/p>\n","protected":false},"excerpt":{"rendered":"<p>La Fiscal\u00eda Local de Quell\u00f3n prepara el cierre de una investigaci\u00f3n tras determinar que la muerte de un hombre hallado flotando en el mar corresponder\u00eda a un suicidio. El hallazgo,..<\/p>\n","protected":false},"author":2,"featured_media":10326,"comment_status":"closed","ping_status":"open","sticky":false,"template":"","format":"standard","meta":{"footnotes":""},"categories":[1,28],"tags":[],"class_list":["post-10324","post","type-post","status-publish","format-standard","has-post-thumbnail","hentry","category-acontecer","category-actual"],"rttpg_featured_image_url":{"full":["https:\/\/elconquistadorredloslagos.cl\/test\/wp-content\/uploads\/2025\/05\/img-61.jpg",1920,1080,false],"landscape":["https:\/\/elconquistadorredloslagos.cl\/test\/wp-content\/uploads\/2025\/05\/img-61.jpg",1920,1080,false],"portraits":["https:\/\/elconquistadorredloslagos.cl\/test\/wp-content\/uploads\/2025\/05\/img-61.jpg",1920,1080,false],"thumbnail":["https:\/\/elconquistadorredloslagos.cl\/test\/wp-content\/uploads\/2025\/05\/img-61-150x150.jpg",150,150,true],"medium":["https:\/\/elconquistadorredloslagos.cl\/test\/wp-content\/uploads\/2025\/05\/img-61-300x169.jpg",300,169,true],"large":["https:\/\/elconquistadorredloslagos.cl\/test\/wp-content\/uploads\/2025\/05\/img-61-1024x576.jpg",1024,576,true],"1536x1536":["https:\/\/elconquistadorredloslagos.cl\/test\/wp-content\/uploads\/2025\/05\/img-61-1536x864.jpg",1536,864,true],"2048x2048":["https:\/\/elconquistadorredloslagos.cl\/test\/wp-content\/uploads\/2025\/05\/img-61.jpg",1920,1080,false]},"rttpg_author":{"display_name":"ccardenas","author_link":"https:\/\/elconquistadorredloslagos.cl\/test\/blog\/author\/ccardenas\/"},"rttpg_comment":0,"rttpg_category":"<a href=\"https:\/\/elconquistadorredloslagos.cl\/test\/blog\/category\/actual\/acontecer\/\" rel=\"category tag\">Acontecer<\/a> <a href=\"https:\/\/elconquistadorredloslagos.cl\/test\/blog\/category\/actual\/\" rel=\"category tag\">Actualidad<\/a>","rttpg_excerpt":"La Fiscal\u00eda Local de Quell\u00f3n prepara el cierre de una investigaci\u00f3n tras determinar que la muerte de un hombre hallado flotando en el mar corresponder\u00eda a un suicidio. El hallazgo,..","_links":{"self":[{"href":"https:\/\/elconquistadorredloslagos.cl\/test\/wp-json\/wp\/v2\/posts\/10324","targetHints":{"allow":["GET"]}}],"collection":[{"href":"https:\/\/elconquistadorredloslagos.cl\/test\/wp-json\/wp\/v2\/posts"}],"about":[{"href":"https:\/\/elconquistadorredloslagos.cl\/test\/wp-json\/wp\/v2\/types\/post"}],"author":[{"embeddable":true,"href":"https:\/\/elconquistadorredloslagos.cl\/test\/wp-json\/wp\/v2\/users\/2"}],"replies":[{"embeddable":true,"href":"https:\/\/elconquistadorredloslagos.cl\/test\/wp-json\/wp\/v2\/comments?post=10324"}],"version-history":[{"count":1,"href":"https:\/\/elconquistadorredloslagos.cl\/test\/wp-json\/wp\/v2\/posts\/10324\/revisions"}],"predecessor-version":[{"id":10327,"href":"https:\/\/elconquistadorredloslagos.cl\/test\/wp-json\/wp\/v2\/posts\/10324\/revisions\/10327"}],"wp:featuredmedia":[{"embeddable":true,"href":"https:\/\/elconquistadorredloslagos.cl\/test\/wp-json\/wp\/v2\/media\/10326"}],"wp:attachment":[{"href":"https:\/\/elconquistadorredloslagos.cl\/test\/wp-json\/wp\/v2\/media?parent=10324"}],"wp:term":[{"taxonomy":"category","embeddable":true,"href":"https:\/\/elconquistadorredloslagos.cl\/test\/wp-json\/wp\/v2\/categories?post=10324"},{"taxonomy":"post_tag","embeddable":true,"href":"https:\/\/elconquistadorredloslagos.cl\/test\/wp-json\/wp\/v2\/tags?post=10324"}],"curies":[{"name":"wp","href":"https:\/\/api.w.org\/{rel}","templated":true}]}}