{"id":10320,"date":"2025-05-16T09:31:15","date_gmt":"2025-05-16T13:31:15","guid":{"rendered":"https:\/\/elconquistadorredloslagos.cl\/test\/?p=10320"},"modified":"2025-05-16T10:00:08","modified_gmt":"2025-05-16T14:00:08","slug":"chiloe-vibra-nuevamente-con-el-copec-rallymobil-2025","status":"publish","type":"post","link":"https:\/\/elconquistadorredloslagos.cl\/test\/blog\/2025\/05\/16\/chiloe-vibra-nuevamente-con-el-copec-rallymobil-2025\/","title":{"rendered":"Chilo\u00e9 vibra nuevamente con el COPEC RallyMobil 2025"},"content":{"rendered":"\n<p>Despu\u00e9s de nueve a\u00f1os de receso, el campeonato nacional de rally regresa a la isla de Chilo\u00e9 con la segunda fecha de la temporada 2025, que se disputa entre hoy y ma\u00f1ana con Chonchi como epicentro. La localidad se transforma en el coraz\u00f3n del automovilismo nacional, desplegando 134,87 kil\u00f3metros de rutas desafiantes entre bosques, pendientes y sectores t\u00e9cnicos que pondr\u00e1n a prueba a los mejores pilotos del pa\u00eds.<\/p>\n\n\n\n<p>La carrera contempla 13 tramos cronometrados y comienza oficialmente hoy con el Shakedown en Teupa, seguido de la partida protocolar a las 19.00 horas en el Parque Municipal de Chonchi, lugar que tambi\u00e9n acoge el parque de asistencia y la ceremonia de premiaci\u00f3n final del domingo.<\/p>\n\n\n\n<p>El s\u00e1bado la acci\u00f3n arranca desde las 09.03 de la ma\u00f1ana con tramos en Notuco, Nalhuitad, San Bruno y Quitripulli. El domingo, la atenci\u00f3n se centra en Trainel, Terao y nuevamente Quitripulli, donde se realiza el Mobil1 PowerStage, etapa clave que entrega puntos adicionales.<\/p>\n\n\n\n<p>Entre los protagonistas destaca el retorno del 12 veces campe\u00f3n nacional Jorge Mart\u00ednez Fontena, quien debuta con el Skoda Fabia RS del equipo CB Tech y estrena navegante, Rub\u00e9n Garc\u00eda. Tambi\u00e9n reaparece Gerita Rosselot, quien asume el Citro\u00ebn C3 Rally2 del Joker Rally, sumando presi\u00f3n sobre el l\u00edder del ranking, Alberto Heller.<\/p>\n\n\n\n<p>En la categor\u00eda RC2 Pro, la lucha por la cima se intensifica entre Heller (33 pts), Emilio Rosselot (26) y Jorge Mart\u00ednez Merizalde (19). En Rally3, Ignacio Gardiol se impone tras su arrollador debut en Lago Ranco, mientras que Patricio Mu\u00f1oz, Felipe Padilla y Carlos Prieto intentan frenar su dominio. En RC4, Jos\u00e9 Quezada llega como l\u00edder, seguido por Francisco Asencio y Mario Parra.<\/p>\n\n\n\n<p>La Copa Gol GT2i tambi\u00e9n promete espect\u00e1culo con Francisco Mohr en la cima, perseguido por Juan Jos\u00e9 Echevarri, Ignacio Oyarz\u00fan y los debutantes Felipe Arenas y Lucas Palma, representante local. En R3 vuelve el entusiasta Carlos Campos y en R2 se suman pilotos experimentados como Kristian Domke y Felipe Haro.<\/p>\n\n\n\n<p>Adem\u00e1s, la fecha contempla la participaci\u00f3n del Campeonato Regional Rally Avosur, que suma 19 veh\u00edculos entre las categor\u00edas N3, N2 y N4.<\/p>\n\n\n\n<p>Este regreso marca un hito para Chilo\u00e9, no solo como sede deportiva, sino tambi\u00e9n como motor de actividad econ\u00f3mica, tur\u00edstica y social. Todo indica que ser\u00e1 una carrera intensa, t\u00e9cnica y con el sur como gran protagonista del rugido motor.<\/p>\n","protected":false},"excerpt":{"rendered":"<p>Despu\u00e9s de nueve a\u00f1os de receso, el campeonato nacional de rally regresa a la isla de Chilo\u00e9 con la segunda fecha de la temporada 2025, que se disputa entre hoy..<\/p>\n","protected":false},"author":2,"featured_media":10321,"comment_status":"closed","ping_status":"open","sticky":false,"template":"","format":"standard","meta":{"footnotes":""},"categories":[1,28],"tags":[],"class_list":["post-10320","post","type-post","status-publish","format-standard","has-post-thumbnail","hentry","category-acontecer","category-actual"],"rttpg_featured_image_url":{"full":["https:\/\/elconquistadorredloslagos.cl\/test\/wp-content\/uploads\/2025\/05\/img-60.jpg",1920,1080,false],"landscape":["https:\/\/elconquistadorredloslagos.cl\/test\/wp-content\/uploads\/2025\/05\/img-60.jpg",1920,1080,false],"portraits":["https:\/\/elconquistadorredloslagos.cl\/test\/wp-content\/uploads\/2025\/05\/img-60.jpg",1920,1080,false],"thumbnail":["https:\/\/elconquistadorredloslagos.cl\/test\/wp-content\/uploads\/2025\/05\/img-60-150x150.jpg",150,150,true],"medium":["https:\/\/elconquistadorredloslagos.cl\/test\/wp-content\/uploads\/2025\/05\/img-60-300x169.jpg",300,169,true],"large":["https:\/\/elconquistadorredloslagos.cl\/test\/wp-content\/uploads\/2025\/05\/img-60-1024x576.jpg",1024,576,true],"1536x1536":["https:\/\/elconquistadorredloslagos.cl\/test\/wp-content\/uploads\/2025\/05\/img-60-1536x864.jpg",1536,864,true],"2048x2048":["https:\/\/elconquistadorredloslagos.cl\/test\/wp-content\/uploads\/2025\/05\/img-60.jpg",1920,1080,false]},"rttpg_author":{"display_name":"ccardenas","author_link":"https:\/\/elconquistadorredloslagos.cl\/test\/blog\/author\/ccardenas\/"},"rttpg_comment":0,"rttpg_category":"<a href=\"https:\/\/elconquistadorredloslagos.cl\/test\/blog\/category\/actual\/acontecer\/\" rel=\"category tag\">Acontecer<\/a> <a href=\"https:\/\/elconquistadorredloslagos.cl\/test\/blog\/category\/actual\/\" rel=\"category tag\">Actualidad<\/a>","rttpg_excerpt":"Despu\u00e9s de nueve a\u00f1os de receso, el campeonato nacional de rally regresa a la isla de Chilo\u00e9 con la segunda fecha de la temporada 2025, que se disputa entre hoy..","_links":{"self":[{"href":"https:\/\/elconquistadorredloslagos.cl\/test\/wp-json\/wp\/v2\/posts\/10320","targetHints":{"allow":["GET"]}}],"collection":[{"href":"https:\/\/elconquistadorredloslagos.cl\/test\/wp-json\/wp\/v2\/posts"}],"about":[{"href":"https:\/\/elconquistadorredloslagos.cl\/test\/wp-json\/wp\/v2\/types\/post"}],"author":[{"embeddable":true,"href":"https:\/\/elconquistadorredloslagos.cl\/test\/wp-json\/wp\/v2\/users\/2"}],"replies":[{"embeddable":true,"href":"https:\/\/elconquistadorredloslagos.cl\/test\/wp-json\/wp\/v2\/comments?post=10320"}],"version-history":[{"count":2,"href":"https:\/\/elconquistadorredloslagos.cl\/test\/wp-json\/wp\/v2\/posts\/10320\/revisions"}],"predecessor-version":[{"id":10323,"href":"https:\/\/elconquistadorredloslagos.cl\/test\/wp-json\/wp\/v2\/posts\/10320\/revisions\/10323"}],"wp:featuredmedia":[{"embeddable":true,"href":"https:\/\/elconquistadorredloslagos.cl\/test\/wp-json\/wp\/v2\/media\/10321"}],"wp:attachment":[{"href":"https:\/\/elconquistadorredloslagos.cl\/test\/wp-json\/wp\/v2\/media?parent=10320"}],"wp:term":[{"taxonomy":"category","embeddable":true,"href":"https:\/\/elconquistadorredloslagos.cl\/test\/wp-json\/wp\/v2\/categories?post=10320"},{"taxonomy":"post_tag","embeddable":true,"href":"https:\/\/elconquistadorredloslagos.cl\/test\/wp-json\/wp\/v2\/tags?post=10320"}],"curies":[{"name":"wp","href":"https:\/\/api.w.org\/{rel}","templated":true}]}}