{"id":10314,"date":"2025-05-15T13:24:46","date_gmt":"2025-05-15T17:24:46","guid":{"rendered":"https:\/\/elconquistadorredloslagos.cl\/test\/?p=10314"},"modified":"2025-05-15T13:24:46","modified_gmt":"2025-05-15T17:24:46","slug":"cuatro-detenidos-en-osorno-por-secuestro-y-violento-asalto-a-un-hombre-de-32-anos","status":"publish","type":"post","link":"https:\/\/elconquistadorredloslagos.cl\/test\/blog\/2025\/05\/15\/cuatro-detenidos-en-osorno-por-secuestro-y-violento-asalto-a-un-hombre-de-32-anos\/","title":{"rendered":"Cuatro detenidos en Osorno por secuestro y violento asalto a un hombre de 32 a\u00f1os"},"content":{"rendered":"\n<p>Durante la madrugada de este mi\u00e9rcoles, un hombre de 32 a\u00f1os fue v\u00edctima de un violento asalto en Osorno, luego de ser interceptado por cuatro individuos que bajo amenazas, lo trasladaron hasta un domicilio ubicado en calle Guillermo Matta. En el lugar, la v\u00edctima fue golpeada y obligada a realizar transferencias de dinero, adem\u00e1s de ser despojada de diversas pertenencias.<\/p>\n\n\n\n<p>Tras la denuncia, personal de la Polic\u00eda de Investigaciones logr\u00f3 la detenci\u00f3n de los cuatro involucrados, quienes fueron identificados como partipantes directos del delito. Seg\u00fan indic\u00f3 el subprefecto Diego Ortega, jefe de la Brigada Investigadora de Robos de Osorno, las diligencias incluyeron el allanamiento de una vivienda, donde se recuperaron objetos robados y herramientas presuntamente empleadas en el il\u00edcito.<\/p>\n\n\n\n<p>Los imputados pasaron hoy jueves a control de detenci\u00f3n en el Juzgado de Garant\u00eda de Osorno. El caso contin\u00faa siendo investigado por el Ministerio P\u00fablico en coordinaci\u00f3n con la PDI, con el objetivo de esclarecer todos los detalles del hecho y determinar posibles v\u00ednculos con otros delitos similares.<\/p>\n\n\n\n<p>\ud83d\udcf7 Redes sociales<\/p>\n","protected":false},"excerpt":{"rendered":"<p>Durante la madrugada de este mi\u00e9rcoles, un hombre de 32 a\u00f1os fue v\u00edctima de un violento asalto en Osorno, luego de ser interceptado por cuatro individuos que bajo amenazas, lo..<\/p>\n","protected":false},"author":2,"featured_media":10315,"comment_status":"closed","ping_status":"open","sticky":false,"template":"","format":"standard","meta":{"footnotes":""},"categories":[1,28],"tags":[],"class_list":["post-10314","post","type-post","status-publish","format-standard","has-post-thumbnail","hentry","category-acontecer","category-actual"],"rttpg_featured_image_url":{"full":["https:\/\/elconquistadorredloslagos.cl\/test\/wp-content\/uploads\/2025\/05\/img-58.jpg",1920,1080,false],"landscape":["https:\/\/elconquistadorredloslagos.cl\/test\/wp-content\/uploads\/2025\/05\/img-58.jpg",1920,1080,false],"portraits":["https:\/\/elconquistadorredloslagos.cl\/test\/wp-content\/uploads\/2025\/05\/img-58.jpg",1920,1080,false],"thumbnail":["https:\/\/elconquistadorredloslagos.cl\/test\/wp-content\/uploads\/2025\/05\/img-58-150x150.jpg",150,150,true],"medium":["https:\/\/elconquistadorredloslagos.cl\/test\/wp-content\/uploads\/2025\/05\/img-58-300x169.jpg",300,169,true],"large":["https:\/\/elconquistadorredloslagos.cl\/test\/wp-content\/uploads\/2025\/05\/img-58-1024x576.jpg",1024,576,true],"1536x1536":["https:\/\/elconquistadorredloslagos.cl\/test\/wp-content\/uploads\/2025\/05\/img-58-1536x864.jpg",1536,864,true],"2048x2048":["https:\/\/elconquistadorredloslagos.cl\/test\/wp-content\/uploads\/2025\/05\/img-58.jpg",1920,1080,false]},"rttpg_author":{"display_name":"ccardenas","author_link":"https:\/\/elconquistadorredloslagos.cl\/test\/blog\/author\/ccardenas\/"},"rttpg_comment":0,"rttpg_category":"<a href=\"https:\/\/elconquistadorredloslagos.cl\/test\/blog\/category\/actual\/acontecer\/\" rel=\"category tag\">Acontecer<\/a> <a href=\"https:\/\/elconquistadorredloslagos.cl\/test\/blog\/category\/actual\/\" rel=\"category tag\">Actualidad<\/a>","rttpg_excerpt":"Durante la madrugada de este mi\u00e9rcoles, un hombre de 32 a\u00f1os fue v\u00edctima de un violento asalto en Osorno, luego de ser interceptado por cuatro individuos que bajo amenazas, lo..","_links":{"self":[{"href":"https:\/\/elconquistadorredloslagos.cl\/test\/wp-json\/wp\/v2\/posts\/10314","targetHints":{"allow":["GET"]}}],"collection":[{"href":"https:\/\/elconquistadorredloslagos.cl\/test\/wp-json\/wp\/v2\/posts"}],"about":[{"href":"https:\/\/elconquistadorredloslagos.cl\/test\/wp-json\/wp\/v2\/types\/post"}],"author":[{"embeddable":true,"href":"https:\/\/elconquistadorredloslagos.cl\/test\/wp-json\/wp\/v2\/users\/2"}],"replies":[{"embeddable":true,"href":"https:\/\/elconquistadorredloslagos.cl\/test\/wp-json\/wp\/v2\/comments?post=10314"}],"version-history":[{"count":1,"href":"https:\/\/elconquistadorredloslagos.cl\/test\/wp-json\/wp\/v2\/posts\/10314\/revisions"}],"predecessor-version":[{"id":10316,"href":"https:\/\/elconquistadorredloslagos.cl\/test\/wp-json\/wp\/v2\/posts\/10314\/revisions\/10316"}],"wp:featuredmedia":[{"embeddable":true,"href":"https:\/\/elconquistadorredloslagos.cl\/test\/wp-json\/wp\/v2\/media\/10315"}],"wp:attachment":[{"href":"https:\/\/elconquistadorredloslagos.cl\/test\/wp-json\/wp\/v2\/media?parent=10314"}],"wp:term":[{"taxonomy":"category","embeddable":true,"href":"https:\/\/elconquistadorredloslagos.cl\/test\/wp-json\/wp\/v2\/categories?post=10314"},{"taxonomy":"post_tag","embeddable":true,"href":"https:\/\/elconquistadorredloslagos.cl\/test\/wp-json\/wp\/v2\/tags?post=10314"}],"curies":[{"name":"wp","href":"https:\/\/api.w.org\/{rel}","templated":true}]}}