{"id":10310,"date":"2025-05-15T13:18:32","date_gmt":"2025-05-15T17:18:32","guid":{"rendered":"https:\/\/elconquistadorredloslagos.cl\/test\/?p=10310"},"modified":"2025-05-15T13:18:33","modified_gmt":"2025-05-15T17:18:33","slug":"presidente-de-la-republica-gabriel-boric-font-se-reune-con-el-vicepresidente-de-china-han-zheng","status":"publish","type":"post","link":"https:\/\/elconquistadorredloslagos.cl\/test\/blog\/2025\/05\/15\/presidente-de-la-republica-gabriel-boric-font-se-reune-con-el-vicepresidente-de-china-han-zheng\/","title":{"rendered":"Presidente de la Rep\u00fablica, Gabriel Boric Font, se re\u00fane con el Vicepresidente de China, Han Zheng"},"content":{"rendered":"\n<p>Tras reunirse con el Presidente de la Rep\u00fablica Popular China, Xi Jinping, el Presidente de la Rep\u00fablica, Gabriel Boric Font, sostuvo una reuni\u00f3n protocolar con la segunda autoridad del pa\u00eds, el Vicepresidente Han Zheng.<\/p>\n\n\n\n<p>Junto a los ministros de Relaciones Exteriores, Alberto van Klaveren; Agricultura, Esteban Valenzuela; Transportes y Telecomunicaciones, Juan Carlos Mu\u00f1oz; de las Culturas, las Artes y el Patrimonio, Carolina Arredondo; el embajador de Chile en China, Pablo Arriar\u00e1n; la directora de InvestChile, Karla Flores; y el director general de ProChile, Ignacio Fern\u00e1ndez, ambas autoridades destacaron la profunda relaci\u00f3n bilateral entre Chile y China, reafirmando los lazos de amistad, cooperaci\u00f3n y confianza mutua.<\/p>\n\n\n\n<p>Asimismo, en el encuentro se abordaron temas prioritarios para ambos pa\u00edses, como la expansi\u00f3n del comercio bilateral, la promoci\u00f3n de nuevas inversiones y el fortalecimiento de la cooperaci\u00f3n en energ\u00edas limpias, innovaci\u00f3n tecnol\u00f3gica, conectividad e infraestructura.<\/p>\n\n\n\n<p>Posterior a la reuni\u00f3n, el Vicepresidente Han Zheng ofreci\u00f3 un almuerzo en honor a la delegaci\u00f3n chilena, donde tambi\u00e9n participaron los senadores Jos\u00e9 Miguel Insulza, Francisco Chahu\u00e1n e Iv\u00e1n Moreira.<\/p>\n\n\n\n<p>\ud83d\udcf7 prensa.presidencia.cl<\/p>\n","protected":false},"excerpt":{"rendered":"<p>Tras reunirse con el Presidente de la Rep\u00fablica Popular China, Xi Jinping, el Presidente de la Rep\u00fablica, Gabriel Boric Font, sostuvo una reuni\u00f3n protocolar con la segunda autoridad del pa\u00eds,..<\/p>\n","protected":false},"author":2,"featured_media":10311,"comment_status":"closed","ping_status":"open","sticky":false,"template":"","format":"standard","meta":{"footnotes":""},"categories":[1,28],"tags":[],"class_list":["post-10310","post","type-post","status-publish","format-standard","has-post-thumbnail","hentry","category-acontecer","category-actual"],"rttpg_featured_image_url":{"full":["https:\/\/elconquistadorredloslagos.cl\/test\/wp-content\/uploads\/2025\/05\/img-57.jpg",1920,1080,false],"landscape":["https:\/\/elconquistadorredloslagos.cl\/test\/wp-content\/uploads\/2025\/05\/img-57.jpg",1920,1080,false],"portraits":["https:\/\/elconquistadorredloslagos.cl\/test\/wp-content\/uploads\/2025\/05\/img-57.jpg",1920,1080,false],"thumbnail":["https:\/\/elconquistadorredloslagos.cl\/test\/wp-content\/uploads\/2025\/05\/img-57-150x150.jpg",150,150,true],"medium":["https:\/\/elconquistadorredloslagos.cl\/test\/wp-content\/uploads\/2025\/05\/img-57-300x169.jpg",300,169,true],"large":["https:\/\/elconquistadorredloslagos.cl\/test\/wp-content\/uploads\/2025\/05\/img-57-1024x576.jpg",1024,576,true],"1536x1536":["https:\/\/elconquistadorredloslagos.cl\/test\/wp-content\/uploads\/2025\/05\/img-57-1536x864.jpg",1536,864,true],"2048x2048":["https:\/\/elconquistadorredloslagos.cl\/test\/wp-content\/uploads\/2025\/05\/img-57.jpg",1920,1080,false]},"rttpg_author":{"display_name":"ccardenas","author_link":"https:\/\/elconquistadorredloslagos.cl\/test\/blog\/author\/ccardenas\/"},"rttpg_comment":0,"rttpg_category":"<a href=\"https:\/\/elconquistadorredloslagos.cl\/test\/blog\/category\/actual\/acontecer\/\" rel=\"category tag\">Acontecer<\/a> <a href=\"https:\/\/elconquistadorredloslagos.cl\/test\/blog\/category\/actual\/\" rel=\"category tag\">Actualidad<\/a>","rttpg_excerpt":"Tras reunirse con el Presidente de la Rep\u00fablica Popular China, Xi Jinping, el Presidente de la Rep\u00fablica, Gabriel Boric Font, sostuvo una reuni\u00f3n protocolar con la segunda autoridad del pa\u00eds,..","_links":{"self":[{"href":"https:\/\/elconquistadorredloslagos.cl\/test\/wp-json\/wp\/v2\/posts\/10310","targetHints":{"allow":["GET"]}}],"collection":[{"href":"https:\/\/elconquistadorredloslagos.cl\/test\/wp-json\/wp\/v2\/posts"}],"about":[{"href":"https:\/\/elconquistadorredloslagos.cl\/test\/wp-json\/wp\/v2\/types\/post"}],"author":[{"embeddable":true,"href":"https:\/\/elconquistadorredloslagos.cl\/test\/wp-json\/wp\/v2\/users\/2"}],"replies":[{"embeddable":true,"href":"https:\/\/elconquistadorredloslagos.cl\/test\/wp-json\/wp\/v2\/comments?post=10310"}],"version-history":[{"count":1,"href":"https:\/\/elconquistadorredloslagos.cl\/test\/wp-json\/wp\/v2\/posts\/10310\/revisions"}],"predecessor-version":[{"id":10312,"href":"https:\/\/elconquistadorredloslagos.cl\/test\/wp-json\/wp\/v2\/posts\/10310\/revisions\/10312"}],"wp:featuredmedia":[{"embeddable":true,"href":"https:\/\/elconquistadorredloslagos.cl\/test\/wp-json\/wp\/v2\/media\/10311"}],"wp:attachment":[{"href":"https:\/\/elconquistadorredloslagos.cl\/test\/wp-json\/wp\/v2\/media?parent=10310"}],"wp:term":[{"taxonomy":"category","embeddable":true,"href":"https:\/\/elconquistadorredloslagos.cl\/test\/wp-json\/wp\/v2\/categories?post=10310"},{"taxonomy":"post_tag","embeddable":true,"href":"https:\/\/elconquistadorredloslagos.cl\/test\/wp-json\/wp\/v2\/tags?post=10310"}],"curies":[{"name":"wp","href":"https:\/\/api.w.org\/{rel}","templated":true}]}}