{"id":10306,"date":"2025-05-15T13:09:55","date_gmt":"2025-05-15T17:09:55","guid":{"rendered":"https:\/\/elconquistadorredloslagos.cl\/test\/?p=10306"},"modified":"2025-05-15T13:09:56","modified_gmt":"2025-05-15T17:09:56","slug":"declaran-alerta-temprana-preventiva-para-la-region-de-los-lagos-por-lluvias-y-fuertes-vientos","status":"publish","type":"post","link":"https:\/\/elconquistadorredloslagos.cl\/test\/blog\/2025\/05\/15\/declaran-alerta-temprana-preventiva-para-la-region-de-los-lagos-por-lluvias-y-fuertes-vientos\/","title":{"rendered":"Declaran Alerta Temprana Preventiva para la Regi\u00f3n de Los Lagos por lluvias y fuertes vientos"},"content":{"rendered":"\n<p>El Servicio Nacional de Prevenci\u00f3n y Respuesta ante Desastres (SENAPRED) ha decretado Alerta Temprana Preventiva para toda la Regi\u00f3n de Los Lagos, ante la llegada de un sistema frontal que provocar\u00e1 fuertes precipitaciones y vientos intensos a partir del jueves 16 de mayo.<\/p>\n\n\n\n<p>Esta medida tiene como objetivo fortalecer la vigilancia en la zona y facilitar la preparaci\u00f3n de autoridades y comunidades frente a eventuales emergencias, tales como la ca\u00edda de \u00e1rboles, cortes de suministro el\u00e9ctrico, interrupciones de rutas o deslizamientos de tierra en sectores vulnerables.<\/p>\n\n\n\n<p>Mitzio Riquelme, director regional de este organismo se\u00f1al\u00f3 que el aviso meteorol\u00f3gico indica lluvias fuertes en un corto per\u00edodo de tiempo y tambi\u00e9n vientos.<\/p>\n\n\n\n<figure class=\"wp-block-audio\"><audio controls src=\"https:\/\/elconquistadorredloslagos.cl\/test\/wp-content\/uploads\/2025\/05\/MITZIO-RIQUELME.mp3\"><\/audio><\/figure>\n\n\n\n<p><strong>\u00bfQu\u00e9 se espera para los pr\u00f3ximos d\u00edas?<\/strong><\/p>\n\n\n\n<p>Seg\u00fan el pron\u00f3stico de la Direcci\u00f3n Meteorol\u00f3gica de Chile:<\/p>\n\n\n\n<p><strong>-Viento:<\/strong><\/p>\n\n\n\n<p>Se esperan rachas de hasta 95 kil\u00f3metros a la hora en zonas como Chilo\u00e9 y el litoral interior.<\/p>\n\n\n\n<p>En otras zonas, como la costa, el valle y la precordillera, las r\u00e1fagas podr\u00edan alcanzar entre 60 y 80 kil\u00f3metros a la hora, lo que representa un riesgo especialmente para techumbres, tendido el\u00e9ctrico y \u00e1rboles.<\/p>\n\n\n\n<p>&#8211;<strong>Lluvias:<\/strong><\/p>\n\n\n\n<p>Se esperan lluvias intensas en cortos per\u00edodos de tiempo, con acumulaciones de hasta 60 mm en sectores de la cordillera de la costa y litoral interior.<\/p>\n\n\n\n<p>En la cordillera y la cordillera austral, tambi\u00e9n podr\u00eda caer nieve, con acumulaciones entre 5 y 10 cent\u00edmetros.<\/p>\n\n\n\n<p>&#8211;<strong>Posibles riesgos<\/strong>:<\/p>\n\n\n\n<p>El SERNAGEOMIN (Servicio Nacional de Geolog\u00eda y Miner\u00eda) ha informado que existe riesgo moderado de deslizamientos de tierra (tambi\u00e9n llamados remociones en masa) en varias zonas de la regi\u00f3n, como la costa, valles interiores y precordillera. En sectores como Chilo\u00e9 y la Patagonia Subandina, este riesgo es menor, pero se mantiene la vigilancia.<\/p>\n\n\n\n<p>La Alerta Temprana Preventiva se mantendr\u00e1 vigente mientras duren las condiciones meteorol\u00f3gicas adversas.<\/p>\n","protected":false},"excerpt":{"rendered":"<p>El Servicio Nacional de Prevenci\u00f3n y Respuesta ante Desastres (SENAPRED) ha decretado Alerta Temprana Preventiva para toda la Regi\u00f3n de Los Lagos, ante la llegada de un sistema frontal que..<\/p>\n","protected":false},"author":2,"featured_media":10308,"comment_status":"closed","ping_status":"open","sticky":false,"template":"","format":"standard","meta":{"footnotes":""},"categories":[1,28],"tags":[],"class_list":["post-10306","post","type-post","status-publish","format-standard","has-post-thumbnail","hentry","category-acontecer","category-actual"],"rttpg_featured_image_url":{"full":["https:\/\/elconquistadorredloslagos.cl\/test\/wp-content\/uploads\/2025\/05\/img-56.jpg",1920,1080,false],"landscape":["https:\/\/elconquistadorredloslagos.cl\/test\/wp-content\/uploads\/2025\/05\/img-56.jpg",1920,1080,false],"portraits":["https:\/\/elconquistadorredloslagos.cl\/test\/wp-content\/uploads\/2025\/05\/img-56.jpg",1920,1080,false],"thumbnail":["https:\/\/elconquistadorredloslagos.cl\/test\/wp-content\/uploads\/2025\/05\/img-56-150x150.jpg",150,150,true],"medium":["https:\/\/elconquistadorredloslagos.cl\/test\/wp-content\/uploads\/2025\/05\/img-56-300x169.jpg",300,169,true],"large":["https:\/\/elconquistadorredloslagos.cl\/test\/wp-content\/uploads\/2025\/05\/img-56-1024x576.jpg",1024,576,true],"1536x1536":["https:\/\/elconquistadorredloslagos.cl\/test\/wp-content\/uploads\/2025\/05\/img-56-1536x864.jpg",1536,864,true],"2048x2048":["https:\/\/elconquistadorredloslagos.cl\/test\/wp-content\/uploads\/2025\/05\/img-56.jpg",1920,1080,false]},"rttpg_author":{"display_name":"ccardenas","author_link":"https:\/\/elconquistadorredloslagos.cl\/test\/blog\/author\/ccardenas\/"},"rttpg_comment":0,"rttpg_category":"<a href=\"https:\/\/elconquistadorredloslagos.cl\/test\/blog\/category\/actual\/acontecer\/\" rel=\"category tag\">Acontecer<\/a> <a href=\"https:\/\/elconquistadorredloslagos.cl\/test\/blog\/category\/actual\/\" rel=\"category tag\">Actualidad<\/a>","rttpg_excerpt":"El Servicio Nacional de Prevenci\u00f3n y Respuesta ante Desastres (SENAPRED) ha decretado Alerta Temprana Preventiva para toda la Regi\u00f3n de Los Lagos, ante la llegada de un sistema frontal que..","_links":{"self":[{"href":"https:\/\/elconquistadorredloslagos.cl\/test\/wp-json\/wp\/v2\/posts\/10306","targetHints":{"allow":["GET"]}}],"collection":[{"href":"https:\/\/elconquistadorredloslagos.cl\/test\/wp-json\/wp\/v2\/posts"}],"about":[{"href":"https:\/\/elconquistadorredloslagos.cl\/test\/wp-json\/wp\/v2\/types\/post"}],"author":[{"embeddable":true,"href":"https:\/\/elconquistadorredloslagos.cl\/test\/wp-json\/wp\/v2\/users\/2"}],"replies":[{"embeddable":true,"href":"https:\/\/elconquistadorredloslagos.cl\/test\/wp-json\/wp\/v2\/comments?post=10306"}],"version-history":[{"count":1,"href":"https:\/\/elconquistadorredloslagos.cl\/test\/wp-json\/wp\/v2\/posts\/10306\/revisions"}],"predecessor-version":[{"id":10309,"href":"https:\/\/elconquistadorredloslagos.cl\/test\/wp-json\/wp\/v2\/posts\/10306\/revisions\/10309"}],"wp:featuredmedia":[{"embeddable":true,"href":"https:\/\/elconquistadorredloslagos.cl\/test\/wp-json\/wp\/v2\/media\/10308"}],"wp:attachment":[{"href":"https:\/\/elconquistadorredloslagos.cl\/test\/wp-json\/wp\/v2\/media?parent=10306"}],"wp:term":[{"taxonomy":"category","embeddable":true,"href":"https:\/\/elconquistadorredloslagos.cl\/test\/wp-json\/wp\/v2\/categories?post=10306"},{"taxonomy":"post_tag","embeddable":true,"href":"https:\/\/elconquistadorredloslagos.cl\/test\/wp-json\/wp\/v2\/tags?post=10306"}],"curies":[{"name":"wp","href":"https:\/\/api.w.org\/{rel}","templated":true}]}}