{"id":10300,"date":"2025-05-15T11:59:22","date_gmt":"2025-05-15T15:59:22","guid":{"rendered":"https:\/\/elconquistadorredloslagos.cl\/test\/?p=10300"},"modified":"2025-05-15T11:59:23","modified_gmt":"2025-05-15T15:59:23","slug":"avanza-la-construccion-de-moderno-centro-de-salud-mental-en-rahue-alto","status":"publish","type":"post","link":"https:\/\/elconquistadorredloslagos.cl\/test\/blog\/2025\/05\/15\/avanza-la-construccion-de-moderno-centro-de-salud-mental-en-rahue-alto\/","title":{"rendered":"Avanza la construcci\u00f3n de moderno centro de salud mental en Rahue Alto"},"content":{"rendered":"\n<p>Un importante paso en la descentralizaci\u00f3n y el fortalecimiento de la atenci\u00f3n en salud mental se est\u00e1 concretando en Rahue Alto, Osorno, donde se levanta un nuevo recinto especializado. La obra que alcanza un 23% de avance, se ejecuta con financiamiento del Ministerio de Salud a trav\u00e9s de fondos sectoriales.<\/p>\n\n\n\n<p>Recientemente las faenas fueron inspeccionadas por un equipo t\u00e9cnico asesor de dicha cartera, con el objeto de evaluar los avances f\u00edsicos y t\u00e9cnicos del proyecto.<\/p>\n\n\n\n<p>El nuevo centro no solo busca ampliar la cobertura en salud mental, sino tambi\u00e9n mejorar la accesibilidad de la poblaci\u00f3n a tratamientos adecuados, seg\u00fan explic\u00f3 el director del Servicio de Salud de Osorno, Rodrigo Alarc\u00f3n.<\/p>\n\n\n\n<p>Durante la visita t\u00e9cnica se expusieron las principales caracter\u00edsticas del recinto, el cual contempla una distribuci\u00f3n pensada en la funcionalidad y en la atenci\u00f3n centrada en el usuario. Entre sus dependencias destacan boxes multiprop\u00f3sito, oficinas para atenci\u00f3n profesional, \u00e1reas destinadas a terapias grupales, salas multiuso y espacios administrativos. A ello se suman sectores exteriores y zonas de apoyo e instalaciones t\u00e9cnicas.<\/p>\n\n\n\n<p>El proyecto tambi\u00e9n contempla la adquisici\u00f3n e implementaci\u00f3n de equipamiento cl\u00ednico y tecnol\u00f3gico necesario para garantizar un funcionamiento eficiente y de calidad desde el primer d\u00eda de apertura.<\/p>\n\n\n\n<p>La iniciativa forma parte del plan nacional de inversi\u00f3n en salud mental, que busca responder al creciente requerimiento de atenci\u00f3n especializada en esta \u00e1rea, una necesidad que se ha hecho a\u00fan m\u00e1s evidente tras los efectos psicosociales provocados por la pandemia del covid-19.<\/p>\n\n\n\n<p><a href=\"https:\/\/www.instagram.com\/seremisaludloslagos\/?e=42c59d9e-9e1c-4d73-b437-fea092003ca5&amp;g=5\"><\/a>\ud83d\udcf7 @<a href=\"https:\/\/www.instagram.com\/seremisaludloslagos\/?e=42c59d9e-9e1c-4d73-b437-fea092003ca5&amp;g=5\">seremisaludloslagos<\/a> &#8211; Instagram<\/p>\n","protected":false},"excerpt":{"rendered":"<p>Un importante paso en la descentralizaci\u00f3n y el fortalecimiento de la atenci\u00f3n en salud mental se est\u00e1 concretando en Rahue Alto, Osorno, donde se levanta un nuevo recinto especializado. La..<\/p>\n","protected":false},"author":2,"featured_media":10301,"comment_status":"closed","ping_status":"open","sticky":false,"template":"","format":"standard","meta":{"footnotes":""},"categories":[1,28],"tags":[],"class_list":["post-10300","post","type-post","status-publish","format-standard","has-post-thumbnail","hentry","category-acontecer","category-actual"],"rttpg_featured_image_url":{"full":["https:\/\/elconquistadorredloslagos.cl\/test\/wp-content\/uploads\/2025\/05\/img-55.jpg",1920,1080,false],"landscape":["https:\/\/elconquistadorredloslagos.cl\/test\/wp-content\/uploads\/2025\/05\/img-55.jpg",1920,1080,false],"portraits":["https:\/\/elconquistadorredloslagos.cl\/test\/wp-content\/uploads\/2025\/05\/img-55.jpg",1920,1080,false],"thumbnail":["https:\/\/elconquistadorredloslagos.cl\/test\/wp-content\/uploads\/2025\/05\/img-55-150x150.jpg",150,150,true],"medium":["https:\/\/elconquistadorredloslagos.cl\/test\/wp-content\/uploads\/2025\/05\/img-55-300x169.jpg",300,169,true],"large":["https:\/\/elconquistadorredloslagos.cl\/test\/wp-content\/uploads\/2025\/05\/img-55-1024x576.jpg",1024,576,true],"1536x1536":["https:\/\/elconquistadorredloslagos.cl\/test\/wp-content\/uploads\/2025\/05\/img-55-1536x864.jpg",1536,864,true],"2048x2048":["https:\/\/elconquistadorredloslagos.cl\/test\/wp-content\/uploads\/2025\/05\/img-55.jpg",1920,1080,false]},"rttpg_author":{"display_name":"ccardenas","author_link":"https:\/\/elconquistadorredloslagos.cl\/test\/blog\/author\/ccardenas\/"},"rttpg_comment":0,"rttpg_category":"<a href=\"https:\/\/elconquistadorredloslagos.cl\/test\/blog\/category\/actual\/acontecer\/\" rel=\"category tag\">Acontecer<\/a> <a href=\"https:\/\/elconquistadorredloslagos.cl\/test\/blog\/category\/actual\/\" rel=\"category tag\">Actualidad<\/a>","rttpg_excerpt":"Un importante paso en la descentralizaci\u00f3n y el fortalecimiento de la atenci\u00f3n en salud mental se est\u00e1 concretando en Rahue Alto, Osorno, donde se levanta un nuevo recinto especializado. La..","_links":{"self":[{"href":"https:\/\/elconquistadorredloslagos.cl\/test\/wp-json\/wp\/v2\/posts\/10300","targetHints":{"allow":["GET"]}}],"collection":[{"href":"https:\/\/elconquistadorredloslagos.cl\/test\/wp-json\/wp\/v2\/posts"}],"about":[{"href":"https:\/\/elconquistadorredloslagos.cl\/test\/wp-json\/wp\/v2\/types\/post"}],"author":[{"embeddable":true,"href":"https:\/\/elconquistadorredloslagos.cl\/test\/wp-json\/wp\/v2\/users\/2"}],"replies":[{"embeddable":true,"href":"https:\/\/elconquistadorredloslagos.cl\/test\/wp-json\/wp\/v2\/comments?post=10300"}],"version-history":[{"count":1,"href":"https:\/\/elconquistadorredloslagos.cl\/test\/wp-json\/wp\/v2\/posts\/10300\/revisions"}],"predecessor-version":[{"id":10302,"href":"https:\/\/elconquistadorredloslagos.cl\/test\/wp-json\/wp\/v2\/posts\/10300\/revisions\/10302"}],"wp:featuredmedia":[{"embeddable":true,"href":"https:\/\/elconquistadorredloslagos.cl\/test\/wp-json\/wp\/v2\/media\/10301"}],"wp:attachment":[{"href":"https:\/\/elconquistadorredloslagos.cl\/test\/wp-json\/wp\/v2\/media?parent=10300"}],"wp:term":[{"taxonomy":"category","embeddable":true,"href":"https:\/\/elconquistadorredloslagos.cl\/test\/wp-json\/wp\/v2\/categories?post=10300"},{"taxonomy":"post_tag","embeddable":true,"href":"https:\/\/elconquistadorredloslagos.cl\/test\/wp-json\/wp\/v2\/tags?post=10300"}],"curies":[{"name":"wp","href":"https:\/\/api.w.org\/{rel}","templated":true}]}}