{"id":10297,"date":"2025-05-15T11:15:27","date_gmt":"2025-05-15T15:15:27","guid":{"rendered":"https:\/\/elconquistadorredloslagos.cl\/test\/?p=10297"},"modified":"2025-05-15T11:15:28","modified_gmt":"2025-05-15T15:15:28","slug":"dos-funcionarios-de-seguridad-publica-fueron-agredidos-durante-inspeccion-en-puerto-montt","status":"publish","type":"post","link":"https:\/\/elconquistadorredloslagos.cl\/test\/blog\/2025\/05\/15\/dos-funcionarios-de-seguridad-publica-fueron-agredidos-durante-inspeccion-en-puerto-montt\/","title":{"rendered":"Dos funcionarios de Seguridad P\u00fablica fueron agredidos durante inspecci\u00f3n en Puerto Montt"},"content":{"rendered":"\n<p>Dos funcionarios de la Direcci\u00f3n de Seguridad P\u00fablica de la Municipalidad de Puerto Montt fueron agredidos este mi\u00e9rcoles mientras realizaban labores de fiscalizaci\u00f3n al comercio ambulante en el Paseo Talca, en pleno centro de la capital regional.<\/p>\n\n\n\n<p>As\u00ed lo dio a conocer el encargado de Seguridad P\u00fablica, Andr\u00e9s Canelo, quien inform\u00f3 que los hechos se registraron a eso de las 15:00 horas cuando un grupo de cuatro sujetos atac\u00f3 con golpes de pies y pu\u00f1os a los inspectores, quienes resultaron con lesiones de diversa consideraci\u00f3n.<\/p>\n\n\n\n<p>El directivo report\u00f3 que uno de los atacantes fue detenido por Carabineros y pasar\u00e1 a control este jueves.<\/p>\n\n\n\n<p>\u201cQuiero hacer presente que como Municipalidad y por encargo del alcalde Rodrigo Wainraihgt, este tipo de situaciones no las vamos a tolerar y presentaremos una querella criminal en contra del autor de estas agresiones. Finalmente, quiero hacer presente que este tipo de hechos nos dan m\u00e1s fuerza para continuar con nuestro rol de fiscalizadores y a fin de que se cumplan las ordenanzas que regulan el comercio ambulante\u201d, manifest\u00f3.<\/p>\n\n\n\n<p>Las acciones se enmarcan en el plan desarrollado por la Municipalidad de Puerto Montt para recuperar espacios p\u00fablicos, que se inici\u00f3 con el cumplimiento de la ordenanza que establece un per\u00edmetro de exclusi\u00f3n para el comercio ambulante en el centro de la ciudad.<\/p>\n\n\n\n<p>Los operativos para erradicar el comercio ilegal se han extendido tambi\u00e9n a quienes compran, con el objetivo de modificar la conducta de las personas y que se sumen a los esfuerzos por tener una ciudad m\u00e1s segura, limpia y ordenada.<\/p>\n","protected":false},"excerpt":{"rendered":"<p>Dos funcionarios de la Direcci\u00f3n de Seguridad P\u00fablica de la Municipalidad de Puerto Montt fueron agredidos este mi\u00e9rcoles mientras realizaban labores de fiscalizaci\u00f3n al comercio ambulante en el Paseo Talca,..<\/p>\n","protected":false},"author":7,"featured_media":10298,"comment_status":"closed","ping_status":"open","sticky":false,"template":"","format":"standard","meta":{"footnotes":""},"categories":[1],"tags":[],"class_list":["post-10297","post","type-post","status-publish","format-standard","has-post-thumbnail","hentry","category-acontecer"],"rttpg_featured_image_url":{"full":["https:\/\/elconquistadorredloslagos.cl\/test\/wp-content\/uploads\/2025\/05\/seguridad-puerto-montt.png",1920,1080,false],"landscape":["https:\/\/elconquistadorredloslagos.cl\/test\/wp-content\/uploads\/2025\/05\/seguridad-puerto-montt.png",1920,1080,false],"portraits":["https:\/\/elconquistadorredloslagos.cl\/test\/wp-content\/uploads\/2025\/05\/seguridad-puerto-montt.png",1920,1080,false],"thumbnail":["https:\/\/elconquistadorredloslagos.cl\/test\/wp-content\/uploads\/2025\/05\/seguridad-puerto-montt-150x150.png",150,150,true],"medium":["https:\/\/elconquistadorredloslagos.cl\/test\/wp-content\/uploads\/2025\/05\/seguridad-puerto-montt-300x169.png",300,169,true],"large":["https:\/\/elconquistadorredloslagos.cl\/test\/wp-content\/uploads\/2025\/05\/seguridad-puerto-montt-1024x576.png",1024,576,true],"1536x1536":["https:\/\/elconquistadorredloslagos.cl\/test\/wp-content\/uploads\/2025\/05\/seguridad-puerto-montt-1536x864.png",1536,864,true],"2048x2048":["https:\/\/elconquistadorredloslagos.cl\/test\/wp-content\/uploads\/2025\/05\/seguridad-puerto-montt.png",1920,1080,false]},"rttpg_author":{"display_name":"enzodelahoz1988","author_link":"https:\/\/elconquistadorredloslagos.cl\/test\/blog\/author\/enzodelahoz1988\/"},"rttpg_comment":0,"rttpg_category":"<a href=\"https:\/\/elconquistadorredloslagos.cl\/test\/blog\/category\/actual\/acontecer\/\" rel=\"category tag\">Acontecer<\/a>","rttpg_excerpt":"Dos funcionarios de la Direcci\u00f3n de Seguridad P\u00fablica de la Municipalidad de Puerto Montt fueron agredidos este mi\u00e9rcoles mientras realizaban labores de fiscalizaci\u00f3n al comercio ambulante en el Paseo Talca,..","_links":{"self":[{"href":"https:\/\/elconquistadorredloslagos.cl\/test\/wp-json\/wp\/v2\/posts\/10297","targetHints":{"allow":["GET"]}}],"collection":[{"href":"https:\/\/elconquistadorredloslagos.cl\/test\/wp-json\/wp\/v2\/posts"}],"about":[{"href":"https:\/\/elconquistadorredloslagos.cl\/test\/wp-json\/wp\/v2\/types\/post"}],"author":[{"embeddable":true,"href":"https:\/\/elconquistadorredloslagos.cl\/test\/wp-json\/wp\/v2\/users\/7"}],"replies":[{"embeddable":true,"href":"https:\/\/elconquistadorredloslagos.cl\/test\/wp-json\/wp\/v2\/comments?post=10297"}],"version-history":[{"count":1,"href":"https:\/\/elconquistadorredloslagos.cl\/test\/wp-json\/wp\/v2\/posts\/10297\/revisions"}],"predecessor-version":[{"id":10299,"href":"https:\/\/elconquistadorredloslagos.cl\/test\/wp-json\/wp\/v2\/posts\/10297\/revisions\/10299"}],"wp:featuredmedia":[{"embeddable":true,"href":"https:\/\/elconquistadorredloslagos.cl\/test\/wp-json\/wp\/v2\/media\/10298"}],"wp:attachment":[{"href":"https:\/\/elconquistadorredloslagos.cl\/test\/wp-json\/wp\/v2\/media?parent=10297"}],"wp:term":[{"taxonomy":"category","embeddable":true,"href":"https:\/\/elconquistadorredloslagos.cl\/test\/wp-json\/wp\/v2\/categories?post=10297"},{"taxonomy":"post_tag","embeddable":true,"href":"https:\/\/elconquistadorredloslagos.cl\/test\/wp-json\/wp\/v2\/tags?post=10297"}],"curies":[{"name":"wp","href":"https:\/\/api.w.org\/{rel}","templated":true}]}}