{"id":10293,"date":"2025-05-15T10:50:24","date_gmt":"2025-05-15T14:50:24","guid":{"rendered":"https:\/\/elconquistadorredloslagos.cl\/test\/?p=10293"},"modified":"2025-05-15T10:50:25","modified_gmt":"2025-05-15T14:50:25","slug":"investigan-intoxicacion-alimentaria-de-deportistas-en-puerto-varas","status":"publish","type":"post","link":"https:\/\/elconquistadorredloslagos.cl\/test\/blog\/2025\/05\/15\/investigan-intoxicacion-alimentaria-de-deportistas-en-puerto-varas\/","title":{"rendered":"Investigan intoxicaci\u00f3n alimentaria de deportistas en Puerto Varas"},"content":{"rendered":"\n<p>La Seremi de Salud de Los Lagos inici\u00f3 una investigaci\u00f3n sanitaria tras una masiva intoxicaci\u00f3n alimentaria que afect\u00f3 a una delegaci\u00f3n de remeros de la regi\u00f3n del Bio-B\u00edo, que lleg\u00f3 a Puerto Varas para participar en el Campeonato Nacional de la disciplina.<\/p>\n\n\n\n<p>Los s\u00edntomas comenzaron la noche del s\u00e1bado, pocas horas despu\u00e9s del arribo de los deportistas. Al menos 23 personas fueron atendidas en el Servicio de Atenci\u00f3n Primaria de Urgencia de Alta Resoluci\u00f3n (SAR) local, mientras otros 20 afectados presentaban s\u00edntomas similares.<\/p>\n\n\n\n<p>Sof\u00eda Torres, jefa del Departamento de Acci\u00f3n Sanitaria, confirm\u00f3 un sumario: \u201cTodos fueron atendidos de manera ambulatoria y se encuentran en recuperaci\u00f3n. Iniciamos una investigaci\u00f3n en el hotel donde se hospedaron para determinar las causas\u201d.<\/p>\n\n\n\n<p>Desde el Hotel Park Inn by Radisson, su gerente comercial, Mar\u00eda Constanza Avenda\u00f1o, lament\u00f3 lo ocurrido y asegur\u00f3 que activaron protocolos en el \u00e1rea de alimentaci\u00f3n.<\/p>\n\n\n\n<p>\ud83d\udcf7 Referencial<\/p>\n","protected":false},"excerpt":{"rendered":"<p>La Seremi de Salud de Los Lagos inici\u00f3 una investigaci\u00f3n sanitaria tras una masiva intoxicaci\u00f3n alimentaria que afect\u00f3 a una delegaci\u00f3n de remeros de la regi\u00f3n del Bio-B\u00edo, que lleg\u00f3..<\/p>\n","protected":false},"author":2,"featured_media":10294,"comment_status":"closed","ping_status":"open","sticky":false,"template":"","format":"standard","meta":{"footnotes":""},"categories":[1,28],"tags":[],"class_list":["post-10293","post","type-post","status-publish","format-standard","has-post-thumbnail","hentry","category-acontecer","category-actual"],"rttpg_featured_image_url":{"full":["https:\/\/elconquistadorredloslagos.cl\/test\/wp-content\/uploads\/2025\/05\/img-54.jpg",1920,1080,false],"landscape":["https:\/\/elconquistadorredloslagos.cl\/test\/wp-content\/uploads\/2025\/05\/img-54.jpg",1920,1080,false],"portraits":["https:\/\/elconquistadorredloslagos.cl\/test\/wp-content\/uploads\/2025\/05\/img-54.jpg",1920,1080,false],"thumbnail":["https:\/\/elconquistadorredloslagos.cl\/test\/wp-content\/uploads\/2025\/05\/img-54-150x150.jpg",150,150,true],"medium":["https:\/\/elconquistadorredloslagos.cl\/test\/wp-content\/uploads\/2025\/05\/img-54-300x169.jpg",300,169,true],"large":["https:\/\/elconquistadorredloslagos.cl\/test\/wp-content\/uploads\/2025\/05\/img-54-1024x576.jpg",1024,576,true],"1536x1536":["https:\/\/elconquistadorredloslagos.cl\/test\/wp-content\/uploads\/2025\/05\/img-54-1536x864.jpg",1536,864,true],"2048x2048":["https:\/\/elconquistadorredloslagos.cl\/test\/wp-content\/uploads\/2025\/05\/img-54.jpg",1920,1080,false]},"rttpg_author":{"display_name":"ccardenas","author_link":"https:\/\/elconquistadorredloslagos.cl\/test\/blog\/author\/ccardenas\/"},"rttpg_comment":0,"rttpg_category":"<a href=\"https:\/\/elconquistadorredloslagos.cl\/test\/blog\/category\/actual\/acontecer\/\" rel=\"category tag\">Acontecer<\/a> <a href=\"https:\/\/elconquistadorredloslagos.cl\/test\/blog\/category\/actual\/\" rel=\"category tag\">Actualidad<\/a>","rttpg_excerpt":"La Seremi de Salud de Los Lagos inici\u00f3 una investigaci\u00f3n sanitaria tras una masiva intoxicaci\u00f3n alimentaria que afect\u00f3 a una delegaci\u00f3n de remeros de la regi\u00f3n del Bio-B\u00edo, que lleg\u00f3..","_links":{"self":[{"href":"https:\/\/elconquistadorredloslagos.cl\/test\/wp-json\/wp\/v2\/posts\/10293","targetHints":{"allow":["GET"]}}],"collection":[{"href":"https:\/\/elconquistadorredloslagos.cl\/test\/wp-json\/wp\/v2\/posts"}],"about":[{"href":"https:\/\/elconquistadorredloslagos.cl\/test\/wp-json\/wp\/v2\/types\/post"}],"author":[{"embeddable":true,"href":"https:\/\/elconquistadorredloslagos.cl\/test\/wp-json\/wp\/v2\/users\/2"}],"replies":[{"embeddable":true,"href":"https:\/\/elconquistadorredloslagos.cl\/test\/wp-json\/wp\/v2\/comments?post=10293"}],"version-history":[{"count":1,"href":"https:\/\/elconquistadorredloslagos.cl\/test\/wp-json\/wp\/v2\/posts\/10293\/revisions"}],"predecessor-version":[{"id":10295,"href":"https:\/\/elconquistadorredloslagos.cl\/test\/wp-json\/wp\/v2\/posts\/10293\/revisions\/10295"}],"wp:featuredmedia":[{"embeddable":true,"href":"https:\/\/elconquistadorredloslagos.cl\/test\/wp-json\/wp\/v2\/media\/10294"}],"wp:attachment":[{"href":"https:\/\/elconquistadorredloslagos.cl\/test\/wp-json\/wp\/v2\/media?parent=10293"}],"wp:term":[{"taxonomy":"category","embeddable":true,"href":"https:\/\/elconquistadorredloslagos.cl\/test\/wp-json\/wp\/v2\/categories?post=10293"},{"taxonomy":"post_tag","embeddable":true,"href":"https:\/\/elconquistadorredloslagos.cl\/test\/wp-json\/wp\/v2\/tags?post=10293"}],"curies":[{"name":"wp","href":"https:\/\/api.w.org\/{rel}","templated":true}]}}