{"id":10101,"date":"2025-05-09T12:47:05","date_gmt":"2025-05-09T16:47:05","guid":{"rendered":"https:\/\/elconquistadorredloslagos.cl\/test\/?p=10101"},"modified":"2025-05-09T12:47:06","modified_gmt":"2025-05-09T16:47:06","slug":"gobierno-regional-y-municipio-de-chonchi-firman-convenio-por-mas-de-900-millones-para-obras-de-infraestructura-clave","status":"publish","type":"post","link":"https:\/\/elconquistadorredloslagos.cl\/test\/blog\/2025\/05\/09\/gobierno-regional-y-municipio-de-chonchi-firman-convenio-por-mas-de-900-millones-para-obras-de-infraestructura-clave\/","title":{"rendered":"Gobierno Regional y Municipio de Chonchi firman convenio por m\u00e1s de $900 millones para obras de infraestructura clave"},"content":{"rendered":"\n<p>Con la presencia de autoridades regionales, municipales y representantes de la comunidad, se formaliz\u00f3 la firma de un importante convenio de inversi\u00f3n entre el Gobierno Regional de Los Lagos y la Ilustre Municipalidad de Chonchi, por un monto superior a los $900 millones. El acuerdo permitir\u00e1 ejecutar dos significativos proyectos de conservaci\u00f3n en la comuna: la calle O\u2019Higgins y el gimnasio del sector de Huillinco.<\/p>\n\n\n\n<p>La ceremonia fue encabezada por el alcalde Fernando Oyarz\u00fan Mac\u00edas y el gobernador regional Alejandro Santana Tirachini, junto a los concejales Humberto \u00c1guila, Carola Chamia y Evelyn M\u00e1rquez, el consejero regional Nelson \u00c1guila, el director de SECPLAN Ignacio Ramos y dirigentas sociales del sector de Huillinco.<\/p>\n\n\n\n<p>Uno de los proyectos contempla la conservaci\u00f3n de la pavimentaci\u00f3n de la calle O\u2019Higgins, donde se intervendr\u00e1n 1.538 m\u00b2 de calzada en asfalto y 1.611 m\u00b2 de aceras en hormig\u00f3n, con una inversi\u00f3n de $326 millones. Esta obra busca mejorar la seguridad vial, accesibilidad y calidad de vida de los vecinos del casco urbano de Chonchi.<\/p>\n\n\n\n<p>En paralelo, se llevar\u00e1 a cabo la conservaci\u00f3n del gimnasio de la escuela del sector de Huillinco, una obra altamente demandada por la comunidad. El proyecto considera el mejoramiento integral del recinto: pisos, muros interiores, ventanas y puertas, con un financiamiento que supera los $600 millones.<\/p>\n\n\n\n<p>\u201cEstamos contentos de concretar este compromiso con la comunidad. Estas obras no solo mejoran la infraestructura, sino que tambi\u00e9n fortalecen el tejido social y el acceso equitativo a espacios dignos y seguros\u201d, se\u00f1al\u00f3 el gobernador Santana.<\/p>\n\n\n\n<p>Por su parte, el alcalde Oyarz\u00fan destac\u00f3 que \u201ceste convenio es fruto del trabajo colaborativo entre las autoridades y la comunidad. La conservaci\u00f3n del gimnasio de Huillinco era una urgencia sentida y hoy se transforma en una realidad\u201d.<\/p>\n\n\n\n<p>Ambas obras iniciar\u00e1n su ejecuci\u00f3n en las pr\u00f3ximas semanas, marcando un nuevo paso en la mejora del desarrollo urbano y comunitario de Chonchi y sus sectores rurales.<\/p>\n","protected":false},"excerpt":{"rendered":"<p>Con la presencia de autoridades regionales, municipales y representantes de la comunidad, se formaliz\u00f3 la firma de un importante convenio de inversi\u00f3n entre el Gobierno Regional de Los Lagos y..<\/p>\n","protected":false},"author":2,"featured_media":10102,"comment_status":"closed","ping_status":"open","sticky":false,"template":"","format":"standard","meta":{"footnotes":""},"categories":[1,28],"tags":[],"class_list":["post-10101","post","type-post","status-publish","format-standard","has-post-thumbnail","hentry","category-acontecer","category-actual"],"rttpg_featured_image_url":{"full":["https:\/\/elconquistadorredloslagos.cl\/test\/wp-content\/uploads\/2025\/05\/IMG-24.jpg",1920,1080,false],"landscape":["https:\/\/elconquistadorredloslagos.cl\/test\/wp-content\/uploads\/2025\/05\/IMG-24.jpg",1920,1080,false],"portraits":["https:\/\/elconquistadorredloslagos.cl\/test\/wp-content\/uploads\/2025\/05\/IMG-24.jpg",1920,1080,false],"thumbnail":["https:\/\/elconquistadorredloslagos.cl\/test\/wp-content\/uploads\/2025\/05\/IMG-24-150x150.jpg",150,150,true],"medium":["https:\/\/elconquistadorredloslagos.cl\/test\/wp-content\/uploads\/2025\/05\/IMG-24-300x169.jpg",300,169,true],"large":["https:\/\/elconquistadorredloslagos.cl\/test\/wp-content\/uploads\/2025\/05\/IMG-24-1024x576.jpg",1024,576,true],"1536x1536":["https:\/\/elconquistadorredloslagos.cl\/test\/wp-content\/uploads\/2025\/05\/IMG-24-1536x864.jpg",1536,864,true],"2048x2048":["https:\/\/elconquistadorredloslagos.cl\/test\/wp-content\/uploads\/2025\/05\/IMG-24.jpg",1920,1080,false]},"rttpg_author":{"display_name":"ccardenas","author_link":"https:\/\/elconquistadorredloslagos.cl\/test\/blog\/author\/ccardenas\/"},"rttpg_comment":0,"rttpg_category":"<a href=\"https:\/\/elconquistadorredloslagos.cl\/test\/blog\/category\/actual\/acontecer\/\" rel=\"category tag\">Acontecer<\/a> <a href=\"https:\/\/elconquistadorredloslagos.cl\/test\/blog\/category\/actual\/\" rel=\"category tag\">Actualidad<\/a>","rttpg_excerpt":"Con la presencia de autoridades regionales, municipales y representantes de la comunidad, se formaliz\u00f3 la firma de un importante convenio de inversi\u00f3n entre el Gobierno Regional de Los Lagos y..","_links":{"self":[{"href":"https:\/\/elconquistadorredloslagos.cl\/test\/wp-json\/wp\/v2\/posts\/10101","targetHints":{"allow":["GET"]}}],"collection":[{"href":"https:\/\/elconquistadorredloslagos.cl\/test\/wp-json\/wp\/v2\/posts"}],"about":[{"href":"https:\/\/elconquistadorredloslagos.cl\/test\/wp-json\/wp\/v2\/types\/post"}],"author":[{"embeddable":true,"href":"https:\/\/elconquistadorredloslagos.cl\/test\/wp-json\/wp\/v2\/users\/2"}],"replies":[{"embeddable":true,"href":"https:\/\/elconquistadorredloslagos.cl\/test\/wp-json\/wp\/v2\/comments?post=10101"}],"version-history":[{"count":1,"href":"https:\/\/elconquistadorredloslagos.cl\/test\/wp-json\/wp\/v2\/posts\/10101\/revisions"}],"predecessor-version":[{"id":10103,"href":"https:\/\/elconquistadorredloslagos.cl\/test\/wp-json\/wp\/v2\/posts\/10101\/revisions\/10103"}],"wp:featuredmedia":[{"embeddable":true,"href":"https:\/\/elconquistadorredloslagos.cl\/test\/wp-json\/wp\/v2\/media\/10102"}],"wp:attachment":[{"href":"https:\/\/elconquistadorredloslagos.cl\/test\/wp-json\/wp\/v2\/media?parent=10101"}],"wp:term":[{"taxonomy":"category","embeddable":true,"href":"https:\/\/elconquistadorredloslagos.cl\/test\/wp-json\/wp\/v2\/categories?post=10101"},{"taxonomy":"post_tag","embeddable":true,"href":"https:\/\/elconquistadorredloslagos.cl\/test\/wp-json\/wp\/v2\/tags?post=10101"}],"curies":[{"name":"wp","href":"https:\/\/api.w.org\/{rel}","templated":true}]}}