{"id":10078,"date":"2025-05-08T17:31:31","date_gmt":"2025-05-08T21:31:31","guid":{"rendered":"https:\/\/elconquistadorredloslagos.cl\/test\/?p=10078"},"modified":"2025-05-08T17:31:32","modified_gmt":"2025-05-08T21:31:32","slug":"desconocidos-roban-en-casa-del-gobernador-santana","status":"publish","type":"post","link":"https:\/\/elconquistadorredloslagos.cl\/test\/blog\/2025\/05\/08\/desconocidos-roban-en-casa-del-gobernador-santana\/","title":{"rendered":"Desconocidos roban en casa del gobernador Santana"},"content":{"rendered":"\n<p>Personal de Carabineros se encuentra investigando un delito de robo que tuvo lugar en la residencia particular del Gobernador Regional, Alejandro Santana. El inmueble est\u00e1 ubicado en el sector del Lago Tarahuin, comuna de Chonchi.<\/p>\n\n\n\n<p>Seg\u00fan los primeros antecedentes disponibles, un grupo de personas a\u00fan no identificadas habr\u00eda irrumpido en la propiedad, sustrayendo una serie de art\u00edculos de valor que se encontraban en su interior.<\/p>\n\n\n\n<p>Entre los elementos sustra\u00eddos destaca especialmente un equipo electr\u00f3nico que conten\u00eda las grabaciones correspondientes al sistema de vigilancia instalado en la vivienda, lo que podr\u00eda dificultar la obtenci\u00f3n de pruebas visuales del il\u00edcito. El personal policial se encuentra desplegado en el lugar de los hechos realizando peritajes y recopilando evidencia que permita esclarecer las circunstancias en las que se produjo el robo.<\/p>\n\n\n\n<p>Se espera que, en el transcurso de las pr\u00f3ximas horas, puedan ir apareciendo informaci\u00f3n m\u00e1s detallada sobre este hecho.<\/p>\n\n\n\n<p>Noticia en desarrollo.<\/p>\n\n\n\n<p><\/p>\n","protected":false},"excerpt":{"rendered":"<p>Personal de Carabineros se encuentra investigando un delito de robo que tuvo lugar en la residencia particular del Gobernador Regional, Alejandro Santana. El inmueble est\u00e1 ubicado en el sector del..<\/p>\n","protected":false},"author":2,"featured_media":10079,"comment_status":"closed","ping_status":"open","sticky":false,"template":"","format":"standard","meta":{"footnotes":""},"categories":[1,28],"tags":[],"class_list":["post-10078","post","type-post","status-publish","format-standard","has-post-thumbnail","hentry","category-acontecer","category-actual"],"rttpg_featured_image_url":{"full":["https:\/\/elconquistadorredloslagos.cl\/test\/wp-content\/uploads\/2025\/05\/img12.jpg",1920,1080,false],"landscape":["https:\/\/elconquistadorredloslagos.cl\/test\/wp-content\/uploads\/2025\/05\/img12.jpg",1920,1080,false],"portraits":["https:\/\/elconquistadorredloslagos.cl\/test\/wp-content\/uploads\/2025\/05\/img12.jpg",1920,1080,false],"thumbnail":["https:\/\/elconquistadorredloslagos.cl\/test\/wp-content\/uploads\/2025\/05\/img12-150x150.jpg",150,150,true],"medium":["https:\/\/elconquistadorredloslagos.cl\/test\/wp-content\/uploads\/2025\/05\/img12-300x169.jpg",300,169,true],"large":["https:\/\/elconquistadorredloslagos.cl\/test\/wp-content\/uploads\/2025\/05\/img12-1024x576.jpg",1024,576,true],"1536x1536":["https:\/\/elconquistadorredloslagos.cl\/test\/wp-content\/uploads\/2025\/05\/img12-1536x864.jpg",1536,864,true],"2048x2048":["https:\/\/elconquistadorredloslagos.cl\/test\/wp-content\/uploads\/2025\/05\/img12.jpg",1920,1080,false]},"rttpg_author":{"display_name":"ccardenas","author_link":"https:\/\/elconquistadorredloslagos.cl\/test\/blog\/author\/ccardenas\/"},"rttpg_comment":0,"rttpg_category":"<a href=\"https:\/\/elconquistadorredloslagos.cl\/test\/blog\/category\/actual\/acontecer\/\" rel=\"category tag\">Acontecer<\/a> <a href=\"https:\/\/elconquistadorredloslagos.cl\/test\/blog\/category\/actual\/\" rel=\"category tag\">Actualidad<\/a>","rttpg_excerpt":"Personal de Carabineros se encuentra investigando un delito de robo que tuvo lugar en la residencia particular del Gobernador Regional, Alejandro Santana. El inmueble est\u00e1 ubicado en el sector del..","_links":{"self":[{"href":"https:\/\/elconquistadorredloslagos.cl\/test\/wp-json\/wp\/v2\/posts\/10078","targetHints":{"allow":["GET"]}}],"collection":[{"href":"https:\/\/elconquistadorredloslagos.cl\/test\/wp-json\/wp\/v2\/posts"}],"about":[{"href":"https:\/\/elconquistadorredloslagos.cl\/test\/wp-json\/wp\/v2\/types\/post"}],"author":[{"embeddable":true,"href":"https:\/\/elconquistadorredloslagos.cl\/test\/wp-json\/wp\/v2\/users\/2"}],"replies":[{"embeddable":true,"href":"https:\/\/elconquistadorredloslagos.cl\/test\/wp-json\/wp\/v2\/comments?post=10078"}],"version-history":[{"count":1,"href":"https:\/\/elconquistadorredloslagos.cl\/test\/wp-json\/wp\/v2\/posts\/10078\/revisions"}],"predecessor-version":[{"id":10080,"href":"https:\/\/elconquistadorredloslagos.cl\/test\/wp-json\/wp\/v2\/posts\/10078\/revisions\/10080"}],"wp:featuredmedia":[{"embeddable":true,"href":"https:\/\/elconquistadorredloslagos.cl\/test\/wp-json\/wp\/v2\/media\/10079"}],"wp:attachment":[{"href":"https:\/\/elconquistadorredloslagos.cl\/test\/wp-json\/wp\/v2\/media?parent=10078"}],"wp:term":[{"taxonomy":"category","embeddable":true,"href":"https:\/\/elconquistadorredloslagos.cl\/test\/wp-json\/wp\/v2\/categories?post=10078"},{"taxonomy":"post_tag","embeddable":true,"href":"https:\/\/elconquistadorredloslagos.cl\/test\/wp-json\/wp\/v2\/tags?post=10078"}],"curies":[{"name":"wp","href":"https:\/\/api.w.org\/{rel}","templated":true}]}}