{"id":10075,"date":"2025-05-08T15:10:56","date_gmt":"2025-05-08T19:10:56","guid":{"rendered":"https:\/\/elconquistadorredloslagos.cl\/test\/?p=10075"},"modified":"2025-05-08T15:10:57","modified_gmt":"2025-05-08T19:10:57","slug":"municipalidad-de-frutillar-realizo-jornada-de-bienestar-fisico-para-mujeres-de-casma-en-el-marco-del-dia-de-la-madre","status":"publish","type":"post","link":"https:\/\/elconquistadorredloslagos.cl\/test\/blog\/2025\/05\/08\/municipalidad-de-frutillar-realizo-jornada-de-bienestar-fisico-para-mujeres-de-casma-en-el-marco-del-dia-de-la-madre\/","title":{"rendered":"Municipalidad de Frutillar realiz\u00f3 jornada de bienestar f\u00edsico para mujeres de Casma en el marco del D\u00eda de la Madre"},"content":{"rendered":"\n<p>En el contexto de la conmemoraci\u00f3n del D\u00eda de la Madre, la Municipalidad de Frutillar organiz\u00f3 una jornada de bienestar f\u00edsico y entretenci\u00f3n, la cual estuvo dirigida especialmente a las mujeres del sector rural e la comuna.<\/p>\n\n\n\n<p>La actividad se desarroll\u00f3 la tarde de este mi\u00e9rcoles en el Gimnasio de Casma y congreg\u00f3 a cerca de 50 mujeres provenientes de la localidad y sus alrededores.<\/p>\n\n\n\n<p>La jornada comenz\u00f3 a las 19:00 horas con una din\u00e1mica clase de zumba, seguida por una sesi\u00f3n de baile entretenido con ritmos de salsa y bachata. Adem\u00e1s de promover la actividad f\u00edsica, el evento busc\u00f3 generar un espacio de encuentro, celebraci\u00f3n y autocuidado para las madres y mujeres de la comunidad.<\/p>\n\n\n\n<p>La organizaci\u00f3n dispuso de un punto de hidrataci\u00f3n y entrega de colaciones para las participantes, reafirmando el enfoque en el bienestar integral.<\/p>\n\n\n\n<p>Esta actividad es parte del programa \u201cEntre Flores y Sonrisas\u201d, una agenda especial preparada por el municipio con motivo del D\u00eda de la Madre, que contempla eventos gratuitos en sectores urbanos y rurales de la comuna, y que se extender\u00e1 hasta el domingo 11 de mayo.<\/p>\n\n\n\n<p>Desde la municipalidad destacaron la alta participaci\u00f3n y la buena recepci\u00f3n por parte de la comunidad, subrayando el compromiso con la descentralizaci\u00f3n de actividades y la promoci\u00f3n del bienestar en todos los rincones de Frutillar.<\/p>\n","protected":false},"excerpt":{"rendered":"<p>En el contexto de la conmemoraci\u00f3n del D\u00eda de la Madre, la Municipalidad de Frutillar organiz\u00f3 una jornada de bienestar f\u00edsico y entretenci\u00f3n, la cual estuvo dirigida especialmente a las..<\/p>\n","protected":false},"author":7,"featured_media":10076,"comment_status":"closed","ping_status":"open","sticky":false,"template":"","format":"standard","meta":{"footnotes":""},"categories":[1],"tags":[],"class_list":["post-10075","post","type-post","status-publish","format-standard","has-post-thumbnail","hentry","category-acontecer"],"rttpg_featured_image_url":{"full":["https:\/\/elconquistadorredloslagos.cl\/test\/wp-content\/uploads\/2025\/05\/frutillar-bienestar-fisico.png",1920,1080,false],"landscape":["https:\/\/elconquistadorredloslagos.cl\/test\/wp-content\/uploads\/2025\/05\/frutillar-bienestar-fisico.png",1920,1080,false],"portraits":["https:\/\/elconquistadorredloslagos.cl\/test\/wp-content\/uploads\/2025\/05\/frutillar-bienestar-fisico.png",1920,1080,false],"thumbnail":["https:\/\/elconquistadorredloslagos.cl\/test\/wp-content\/uploads\/2025\/05\/frutillar-bienestar-fisico-150x150.png",150,150,true],"medium":["https:\/\/elconquistadorredloslagos.cl\/test\/wp-content\/uploads\/2025\/05\/frutillar-bienestar-fisico-300x169.png",300,169,true],"large":["https:\/\/elconquistadorredloslagos.cl\/test\/wp-content\/uploads\/2025\/05\/frutillar-bienestar-fisico-1024x576.png",1024,576,true],"1536x1536":["https:\/\/elconquistadorredloslagos.cl\/test\/wp-content\/uploads\/2025\/05\/frutillar-bienestar-fisico-1536x864.png",1536,864,true],"2048x2048":["https:\/\/elconquistadorredloslagos.cl\/test\/wp-content\/uploads\/2025\/05\/frutillar-bienestar-fisico.png",1920,1080,false]},"rttpg_author":{"display_name":"enzodelahoz1988","author_link":"https:\/\/elconquistadorredloslagos.cl\/test\/blog\/author\/enzodelahoz1988\/"},"rttpg_comment":0,"rttpg_category":"<a href=\"https:\/\/elconquistadorredloslagos.cl\/test\/blog\/category\/actual\/acontecer\/\" rel=\"category tag\">Acontecer<\/a>","rttpg_excerpt":"En el contexto de la conmemoraci\u00f3n del D\u00eda de la Madre, la Municipalidad de Frutillar organiz\u00f3 una jornada de bienestar f\u00edsico y entretenci\u00f3n, la cual estuvo dirigida especialmente a las..","_links":{"self":[{"href":"https:\/\/elconquistadorredloslagos.cl\/test\/wp-json\/wp\/v2\/posts\/10075","targetHints":{"allow":["GET"]}}],"collection":[{"href":"https:\/\/elconquistadorredloslagos.cl\/test\/wp-json\/wp\/v2\/posts"}],"about":[{"href":"https:\/\/elconquistadorredloslagos.cl\/test\/wp-json\/wp\/v2\/types\/post"}],"author":[{"embeddable":true,"href":"https:\/\/elconquistadorredloslagos.cl\/test\/wp-json\/wp\/v2\/users\/7"}],"replies":[{"embeddable":true,"href":"https:\/\/elconquistadorredloslagos.cl\/test\/wp-json\/wp\/v2\/comments?post=10075"}],"version-history":[{"count":1,"href":"https:\/\/elconquistadorredloslagos.cl\/test\/wp-json\/wp\/v2\/posts\/10075\/revisions"}],"predecessor-version":[{"id":10077,"href":"https:\/\/elconquistadorredloslagos.cl\/test\/wp-json\/wp\/v2\/posts\/10075\/revisions\/10077"}],"wp:featuredmedia":[{"embeddable":true,"href":"https:\/\/elconquistadorredloslagos.cl\/test\/wp-json\/wp\/v2\/media\/10076"}],"wp:attachment":[{"href":"https:\/\/elconquistadorredloslagos.cl\/test\/wp-json\/wp\/v2\/media?parent=10075"}],"wp:term":[{"taxonomy":"category","embeddable":true,"href":"https:\/\/elconquistadorredloslagos.cl\/test\/wp-json\/wp\/v2\/categories?post=10075"},{"taxonomy":"post_tag","embeddable":true,"href":"https:\/\/elconquistadorredloslagos.cl\/test\/wp-json\/wp\/v2\/tags?post=10075"}],"curies":[{"name":"wp","href":"https:\/\/api.w.org\/{rel}","templated":true}]}}