{"id":10066,"date":"2025-05-08T13:28:01","date_gmt":"2025-05-08T17:28:01","guid":{"rendered":"https:\/\/elconquistadorredloslagos.cl\/test\/?p=10066"},"modified":"2025-05-08T14:40:11","modified_gmt":"2025-05-08T18:40:11","slug":"internacional-robert-francis-prevost-es-elegido-nuevo-papa-y-adoptara-el-nombre-de-leon-xiv","status":"publish","type":"post","link":"https:\/\/elconquistadorredloslagos.cl\/test\/blog\/2025\/05\/08\/internacional-robert-francis-prevost-es-elegido-nuevo-papa-y-adoptara-el-nombre-de-leon-xiv\/","title":{"rendered":"Internacional: Robert Francis Prevost es elegido nuevo papa y adoptar\u00e1 el nombre de Le\u00f3n XIV"},"content":{"rendered":"\n<p>El Vaticano vive este jueves una jornada hist\u00f3rica con la elecci\u00f3n de Robert Francis Prevost como nuevo l\u00edder de la Iglesia cat\u00f3lica. El cardenal estadounidense asumir\u00e1 el pontificado bajo el nombre de Le\u00f3n XIV, en sucesi\u00f3n del papa Francisco, el argentino Jorge Mario Bergoglio.<\/p>\n\n\n\n<p>El anuncio oficial desat\u00f3 una oleada de j\u00fabilo entre los miles de fieles congregados en la Plaza de San Pedro, quienes aguardaban con expectativa el desenlace del c\u00f3nclave. La esperada se\u00f1al lleg\u00f3 poco antes del anochecer (mediod\u00eda en Chile): una fumata blanca se alz\u00f3 desde la chimenea de la Capilla Sixtina, indicando que los 133 cardenales reunidos en c\u00f3nclave hab\u00edan alcanzado un consenso en el segundo d\u00eda de deliberaciones.<\/p>\n\n\n\n<p>Con la elecci\u00f3n concretada, los m\u00e1s de 1.400 millones de cat\u00f3licos en el mundo estaban a la espera del tradicional \u201cHabemus Papam\u201d, el anuncio que ser\u00e1 proclamado desde el balc\u00f3n central de la bas\u00edlica vaticana, donde se presentar\u00e1 oficialmente al 267\u00ba sucesor de San Pedro.<\/p>\n\n\n\n<p>Las expectativas se intensificaron en horas de la tarde, cuando comenzaron las nuevas rondas de votaci\u00f3n. A pesar de la segunda fumata negra registrada en la ma\u00f1ana, la esperanza de un desenlace inminente motiv\u00f3 el regreso de los fieles a la plaza. La vigilia, interrumpida brevemente por el desaliento matinal, recobr\u00f3 fuerza con el paso de las horas.<\/p>\n\n\n\n<p>La explanada vaticana, que hab\u00eda permanecido parcialmente vac\u00eda, volvi\u00f3 a poblarse con peregrinos, visitantes y ciudadanos romanos atentos al devenir del c\u00f3nclave, siguiendo con emoci\u00f3n cada gesto y cada se\u00f1al emitida desde el coraz\u00f3n del Vaticano.<\/p>\n\n\n\n<p>\ud83d\udcf7 EFE<\/p>\n","protected":false},"excerpt":{"rendered":"<p>El Vaticano vive este jueves una jornada hist\u00f3rica con la elecci\u00f3n de Robert Francis Prevost como nuevo l\u00edder de la Iglesia cat\u00f3lica. El cardenal estadounidense asumir\u00e1 el pontificado bajo el..<\/p>\n","protected":false},"author":2,"featured_media":10067,"comment_status":"closed","ping_status":"open","sticky":false,"template":"","format":"standard","meta":{"footnotes":""},"categories":[1,28,26],"tags":[],"class_list":["post-10066","post","type-post","status-publish","format-standard","has-post-thumbnail","hentry","category-acontecer","category-actual","category-comunidad"],"rttpg_featured_image_url":{"full":["https:\/\/elconquistadorredloslagos.cl\/test\/wp-content\/uploads\/2025\/05\/imgpapa.jpg",1920,1080,false],"landscape":["https:\/\/elconquistadorredloslagos.cl\/test\/wp-content\/uploads\/2025\/05\/imgpapa.jpg",1920,1080,false],"portraits":["https:\/\/elconquistadorredloslagos.cl\/test\/wp-content\/uploads\/2025\/05\/imgpapa.jpg",1920,1080,false],"thumbnail":["https:\/\/elconquistadorredloslagos.cl\/test\/wp-content\/uploads\/2025\/05\/imgpapa-150x150.jpg",150,150,true],"medium":["https:\/\/elconquistadorredloslagos.cl\/test\/wp-content\/uploads\/2025\/05\/imgpapa-300x169.jpg",300,169,true],"large":["https:\/\/elconquistadorredloslagos.cl\/test\/wp-content\/uploads\/2025\/05\/imgpapa-1024x576.jpg",1024,576,true],"1536x1536":["https:\/\/elconquistadorredloslagos.cl\/test\/wp-content\/uploads\/2025\/05\/imgpapa-1536x864.jpg",1536,864,true],"2048x2048":["https:\/\/elconquistadorredloslagos.cl\/test\/wp-content\/uploads\/2025\/05\/imgpapa.jpg",1920,1080,false]},"rttpg_author":{"display_name":"ccardenas","author_link":"https:\/\/elconquistadorredloslagos.cl\/test\/blog\/author\/ccardenas\/"},"rttpg_comment":0,"rttpg_category":"<a href=\"https:\/\/elconquistadorredloslagos.cl\/test\/blog\/category\/actual\/acontecer\/\" rel=\"category tag\">Acontecer<\/a> <a href=\"https:\/\/elconquistadorredloslagos.cl\/test\/blog\/category\/actual\/\" rel=\"category tag\">Actualidad<\/a> <a href=\"https:\/\/elconquistadorredloslagos.cl\/test\/blog\/category\/comunidad\/\" rel=\"category tag\">Comunidad<\/a>","rttpg_excerpt":"El Vaticano vive este jueves una jornada hist\u00f3rica con la elecci\u00f3n de Robert Francis Prevost como nuevo l\u00edder de la Iglesia cat\u00f3lica. El cardenal estadounidense asumir\u00e1 el pontificado bajo el..","_links":{"self":[{"href":"https:\/\/elconquistadorredloslagos.cl\/test\/wp-json\/wp\/v2\/posts\/10066","targetHints":{"allow":["GET"]}}],"collection":[{"href":"https:\/\/elconquistadorredloslagos.cl\/test\/wp-json\/wp\/v2\/posts"}],"about":[{"href":"https:\/\/elconquistadorredloslagos.cl\/test\/wp-json\/wp\/v2\/types\/post"}],"author":[{"embeddable":true,"href":"https:\/\/elconquistadorredloslagos.cl\/test\/wp-json\/wp\/v2\/users\/2"}],"replies":[{"embeddable":true,"href":"https:\/\/elconquistadorredloslagos.cl\/test\/wp-json\/wp\/v2\/comments?post=10066"}],"version-history":[{"count":2,"href":"https:\/\/elconquistadorredloslagos.cl\/test\/wp-json\/wp\/v2\/posts\/10066\/revisions"}],"predecessor-version":[{"id":10069,"href":"https:\/\/elconquistadorredloslagos.cl\/test\/wp-json\/wp\/v2\/posts\/10066\/revisions\/10069"}],"wp:featuredmedia":[{"embeddable":true,"href":"https:\/\/elconquistadorredloslagos.cl\/test\/wp-json\/wp\/v2\/media\/10067"}],"wp:attachment":[{"href":"https:\/\/elconquistadorredloslagos.cl\/test\/wp-json\/wp\/v2\/media?parent=10066"}],"wp:term":[{"taxonomy":"category","embeddable":true,"href":"https:\/\/elconquistadorredloslagos.cl\/test\/wp-json\/wp\/v2\/categories?post=10066"},{"taxonomy":"post_tag","embeddable":true,"href":"https:\/\/elconquistadorredloslagos.cl\/test\/wp-json\/wp\/v2\/tags?post=10066"}],"curies":[{"name":"wp","href":"https:\/\/api.w.org\/{rel}","templated":true}]}}