{"id":10062,"date":"2025-05-08T12:28:24","date_gmt":"2025-05-08T16:28:24","guid":{"rendered":"https:\/\/elconquistadorredloslagos.cl\/test\/?p=10062"},"modified":"2025-05-08T12:28:25","modified_gmt":"2025-05-08T16:28:25","slug":"humo-blanco-en-el-vaticano-habemus-papam","status":"publish","type":"post","link":"https:\/\/elconquistadorredloslagos.cl\/test\/blog\/2025\/05\/08\/humo-blanco-en-el-vaticano-habemus-papam\/","title":{"rendered":"Humo Blanco en el Vaticano: \u201cHabemus Papam\u201d"},"content":{"rendered":"\n<p>A las 12.08, hora de Chile (18.08 en Roma), una columna de humo blanco emergi\u00f3 desde la chimenea de la Capilla Sixtina, se\u00f1al inequ\u00edvoca de que el c\u00f3nclave ha alcanzado un consenso: la Iglesia Cat\u00f3lica tiene un nuevo Papa.<\/p>\n\n\n\n<p>La votaci\u00f3n de este jueves, en la que participaron los 133 cardenales con derecho a voto, culmin\u00f3 con la mayor\u00eda requerida para designar al sucesor del Papa Francisco. <\/p>\n\n\n\n<p>Se espera que en los pr\u00f3ximos minutos se revele p\u00fablicamente el nombre del nuevo Sumo Pont\u00edfice.<\/p>\n\n\n\n<p>Horas antes, el decano del Colegio Cardenalicio, Giovanni Battista Re, hab\u00eda manifestado su esperanza de que esta jornada concluyera con la esperada fumata blanca.<\/p>\n","protected":false},"excerpt":{"rendered":"<p>A las 12.08, hora de Chile (18.08 en Roma), una columna de humo blanco emergi\u00f3 desde la chimenea de la Capilla Sixtina, se\u00f1al inequ\u00edvoca de que el c\u00f3nclave ha alcanzado..<\/p>\n","protected":false},"author":2,"featured_media":10064,"comment_status":"closed","ping_status":"open","sticky":false,"template":"","format":"standard","meta":{"footnotes":""},"categories":[1,28],"tags":[],"class_list":["post-10062","post","type-post","status-publish","format-standard","has-post-thumbnail","hentry","category-acontecer","category-actual"],"rttpg_featured_image_url":{"full":["https:\/\/elconquistadorredloslagos.cl\/test\/wp-content\/uploads\/2025\/05\/Proyecto-nuevo-1.jpg",1920,1080,false],"landscape":["https:\/\/elconquistadorredloslagos.cl\/test\/wp-content\/uploads\/2025\/05\/Proyecto-nuevo-1.jpg",1920,1080,false],"portraits":["https:\/\/elconquistadorredloslagos.cl\/test\/wp-content\/uploads\/2025\/05\/Proyecto-nuevo-1.jpg",1920,1080,false],"thumbnail":["https:\/\/elconquistadorredloslagos.cl\/test\/wp-content\/uploads\/2025\/05\/Proyecto-nuevo-1-150x150.jpg",150,150,true],"medium":["https:\/\/elconquistadorredloslagos.cl\/test\/wp-content\/uploads\/2025\/05\/Proyecto-nuevo-1-300x169.jpg",300,169,true],"large":["https:\/\/elconquistadorredloslagos.cl\/test\/wp-content\/uploads\/2025\/05\/Proyecto-nuevo-1-1024x576.jpg",1024,576,true],"1536x1536":["https:\/\/elconquistadorredloslagos.cl\/test\/wp-content\/uploads\/2025\/05\/Proyecto-nuevo-1-1536x864.jpg",1536,864,true],"2048x2048":["https:\/\/elconquistadorredloslagos.cl\/test\/wp-content\/uploads\/2025\/05\/Proyecto-nuevo-1.jpg",1920,1080,false]},"rttpg_author":{"display_name":"ccardenas","author_link":"https:\/\/elconquistadorredloslagos.cl\/test\/blog\/author\/ccardenas\/"},"rttpg_comment":0,"rttpg_category":"<a href=\"https:\/\/elconquistadorredloslagos.cl\/test\/blog\/category\/actual\/acontecer\/\" rel=\"category tag\">Acontecer<\/a> <a href=\"https:\/\/elconquistadorredloslagos.cl\/test\/blog\/category\/actual\/\" rel=\"category tag\">Actualidad<\/a>","rttpg_excerpt":"A las 12.08, hora de Chile (18.08 en Roma), una columna de humo blanco emergi\u00f3 desde la chimenea de la Capilla Sixtina, se\u00f1al inequ\u00edvoca de que el c\u00f3nclave ha alcanzado..","_links":{"self":[{"href":"https:\/\/elconquistadorredloslagos.cl\/test\/wp-json\/wp\/v2\/posts\/10062","targetHints":{"allow":["GET"]}}],"collection":[{"href":"https:\/\/elconquistadorredloslagos.cl\/test\/wp-json\/wp\/v2\/posts"}],"about":[{"href":"https:\/\/elconquistadorredloslagos.cl\/test\/wp-json\/wp\/v2\/types\/post"}],"author":[{"embeddable":true,"href":"https:\/\/elconquistadorredloslagos.cl\/test\/wp-json\/wp\/v2\/users\/2"}],"replies":[{"embeddable":true,"href":"https:\/\/elconquistadorredloslagos.cl\/test\/wp-json\/wp\/v2\/comments?post=10062"}],"version-history":[{"count":1,"href":"https:\/\/elconquistadorredloslagos.cl\/test\/wp-json\/wp\/v2\/posts\/10062\/revisions"}],"predecessor-version":[{"id":10065,"href":"https:\/\/elconquistadorredloslagos.cl\/test\/wp-json\/wp\/v2\/posts\/10062\/revisions\/10065"}],"wp:featuredmedia":[{"embeddable":true,"href":"https:\/\/elconquistadorredloslagos.cl\/test\/wp-json\/wp\/v2\/media\/10064"}],"wp:attachment":[{"href":"https:\/\/elconquistadorredloslagos.cl\/test\/wp-json\/wp\/v2\/media?parent=10062"}],"wp:term":[{"taxonomy":"category","embeddable":true,"href":"https:\/\/elconquistadorredloslagos.cl\/test\/wp-json\/wp\/v2\/categories?post=10062"},{"taxonomy":"post_tag","embeddable":true,"href":"https:\/\/elconquistadorredloslagos.cl\/test\/wp-json\/wp\/v2\/tags?post=10062"}],"curies":[{"name":"wp","href":"https:\/\/api.w.org\/{rel}","templated":true}]}}