{"id":10048,"date":"2025-05-08T11:20:21","date_gmt":"2025-05-08T15:20:21","guid":{"rendered":"https:\/\/elconquistadorredloslagos.cl\/test\/?p=10048"},"modified":"2025-05-08T14:44:50","modified_gmt":"2025-05-08T18:44:50","slug":"pobladores-de-los-palafitos-de-castro-siguen-en-la-incertidumbre","status":"publish","type":"post","link":"https:\/\/elconquistadorredloslagos.cl\/test\/blog\/2025\/05\/08\/pobladores-de-los-palafitos-de-castro-siguen-en-la-incertidumbre\/","title":{"rendered":"Pobladores de los palafitos de Castro siguen en la incertidumbre"},"content":{"rendered":"\n<p>Una reciente notificaci\u00f3n de la Armada a los propietarios de los palafitos de Castro, advirtiendo el uso ilegal del borde costero, reactiv\u00f3 el debate sobre la falta de una soluci\u00f3n legal que les permita obtener t\u00edtulos de dominio. La situaci\u00f3n, arrastrada por d\u00e9cadas, gener\u00f3 reacciones en el \u00e1mbito pol\u00edtico, desde donde se emplaz\u00f3 al Gobierno a entregar respuestas concretas.<\/p>\n\n\n\n<p>En este contexto, dirigentes vecinales de sectores ribere\u00f1os se reunieron con la delegada presidencial regional, Paulina Mu\u00f1oz, para revisar un proyecto de mejoramiento que les permita acceder a recursos y reforzar las estructuras. Actualmente, muchas de ellas presentan deterioro cr\u00edtico.<\/p>\n\n\n\n<p>El catastro elaborado junto al Servicio de Vivienda y Urbanismo <\/p>\n\n\n\n<p>Serviu identific\u00f3 158 palafitos en la comuna, de los cuales 129 son viviendas, 12 funcionan con fines comerciales y 9 tienen uso mixto. La presidenta de la Agrupaci\u00f3n Pedro Montt 1, Waleska D\u00edaz, explic\u00f3 que la delegada est\u00e1 retomando conversaciones iniciadas con su antecesora, y que se acord\u00f3 un nuevo encuentro para el 22 de mayo.<\/p>\n\n\n\n<p>\u201cEl compromiso era entregar ayuda este a\u00f1o, pero a\u00fan no hay claridad sobre los fondos ni cu\u00e1ndo se concretar\u00e1n\u201d, advirti\u00f3 D\u00edaz.<\/p>\n","protected":false},"excerpt":{"rendered":"<p>Una reciente notificaci\u00f3n de la Armada a los propietarios de los palafitos de Castro, advirtiendo el uso ilegal del borde costero, reactiv\u00f3 el debate sobre la falta de una soluci\u00f3n..<\/p>\n","protected":false},"author":2,"featured_media":10049,"comment_status":"closed","ping_status":"open","sticky":false,"template":"","format":"standard","meta":{"footnotes":""},"categories":[1,28],"tags":[],"class_list":["post-10048","post","type-post","status-publish","format-standard","has-post-thumbnail","hentry","category-acontecer","category-actual"],"rttpg_featured_image_url":{"full":["https:\/\/elconquistadorredloslagos.cl\/test\/wp-content\/uploads\/2025\/05\/img-22.jpg",1920,1080,false],"landscape":["https:\/\/elconquistadorredloslagos.cl\/test\/wp-content\/uploads\/2025\/05\/img-22.jpg",1920,1080,false],"portraits":["https:\/\/elconquistadorredloslagos.cl\/test\/wp-content\/uploads\/2025\/05\/img-22.jpg",1920,1080,false],"thumbnail":["https:\/\/elconquistadorredloslagos.cl\/test\/wp-content\/uploads\/2025\/05\/img-22-150x150.jpg",150,150,true],"medium":["https:\/\/elconquistadorredloslagos.cl\/test\/wp-content\/uploads\/2025\/05\/img-22-300x169.jpg",300,169,true],"large":["https:\/\/elconquistadorredloslagos.cl\/test\/wp-content\/uploads\/2025\/05\/img-22-1024x576.jpg",1024,576,true],"1536x1536":["https:\/\/elconquistadorredloslagos.cl\/test\/wp-content\/uploads\/2025\/05\/img-22-1536x864.jpg",1536,864,true],"2048x2048":["https:\/\/elconquistadorredloslagos.cl\/test\/wp-content\/uploads\/2025\/05\/img-22.jpg",1920,1080,false]},"rttpg_author":{"display_name":"ccardenas","author_link":"https:\/\/elconquistadorredloslagos.cl\/test\/blog\/author\/ccardenas\/"},"rttpg_comment":0,"rttpg_category":"<a href=\"https:\/\/elconquistadorredloslagos.cl\/test\/blog\/category\/actual\/acontecer\/\" rel=\"category tag\">Acontecer<\/a> <a href=\"https:\/\/elconquistadorredloslagos.cl\/test\/blog\/category\/actual\/\" rel=\"category tag\">Actualidad<\/a>","rttpg_excerpt":"Una reciente notificaci\u00f3n de la Armada a los propietarios de los palafitos de Castro, advirtiendo el uso ilegal del borde costero, reactiv\u00f3 el debate sobre la falta de una soluci\u00f3n..","_links":{"self":[{"href":"https:\/\/elconquistadorredloslagos.cl\/test\/wp-json\/wp\/v2\/posts\/10048","targetHints":{"allow":["GET"]}}],"collection":[{"href":"https:\/\/elconquistadorredloslagos.cl\/test\/wp-json\/wp\/v2\/posts"}],"about":[{"href":"https:\/\/elconquistadorredloslagos.cl\/test\/wp-json\/wp\/v2\/types\/post"}],"author":[{"embeddable":true,"href":"https:\/\/elconquistadorredloslagos.cl\/test\/wp-json\/wp\/v2\/users\/2"}],"replies":[{"embeddable":true,"href":"https:\/\/elconquistadorredloslagos.cl\/test\/wp-json\/wp\/v2\/comments?post=10048"}],"version-history":[{"count":3,"href":"https:\/\/elconquistadorredloslagos.cl\/test\/wp-json\/wp\/v2\/posts\/10048\/revisions"}],"predecessor-version":[{"id":10074,"href":"https:\/\/elconquistadorredloslagos.cl\/test\/wp-json\/wp\/v2\/posts\/10048\/revisions\/10074"}],"wp:featuredmedia":[{"embeddable":true,"href":"https:\/\/elconquistadorredloslagos.cl\/test\/wp-json\/wp\/v2\/media\/10049"}],"wp:attachment":[{"href":"https:\/\/elconquistadorredloslagos.cl\/test\/wp-json\/wp\/v2\/media?parent=10048"}],"wp:term":[{"taxonomy":"category","embeddable":true,"href":"https:\/\/elconquistadorredloslagos.cl\/test\/wp-json\/wp\/v2\/categories?post=10048"},{"taxonomy":"post_tag","embeddable":true,"href":"https:\/\/elconquistadorredloslagos.cl\/test\/wp-json\/wp\/v2\/tags?post=10048"}],"curies":[{"name":"wp","href":"https:\/\/api.w.org\/{rel}","templated":true}]}}