{"id":10043,"date":"2025-05-08T10:18:22","date_gmt":"2025-05-08T14:18:22","guid":{"rendered":"https:\/\/elconquistadorredloslagos.cl\/test\/?p=10043"},"modified":"2025-05-08T10:18:23","modified_gmt":"2025-05-08T14:18:23","slug":"andes-salud-puerto-montt-inaugura-unidad-de-quimioterapia-e-instala-la-primera-piedra-de-su-centro-de-radioterapia","status":"publish","type":"post","link":"https:\/\/elconquistadorredloslagos.cl\/test\/blog\/2025\/05\/08\/andes-salud-puerto-montt-inaugura-unidad-de-quimioterapia-e-instala-la-primera-piedra-de-su-centro-de-radioterapia\/","title":{"rendered":"Andes Salud Puerto Montt inaugura Unidad de Quimioterapia e instala la primera piedra de su centro de Radioterapia"},"content":{"rendered":"\n<p><em>Andes Salud Puerto Montt dio un paso trascendental en la lucha contra el c\u00e1ncer con la inauguraci\u00f3n de su nueva Unidad de Quimioterapia y la instalaci\u00f3n de la primera piedra de su futuro Centro de Radioterapia. Este hito consolida a Andes Salud como el primer Centro Oncol\u00f3gico con resoluci\u00f3n integral en la regi\u00f3n de Los Lagos, reafirmando su compromiso de entregar tecnolog\u00eda de vanguardia y atenci\u00f3n de calidad a los pacientes del sur de Chile.<\/em><\/p>\n\n\n\n<p><strong>Puerto Montt, 7 de mayo de 2025.<\/strong> El c\u00e1ncer representa un desaf\u00edo creciente en la regi\u00f3n de Los Lagos, donde <strong>la tasa de mortalidad ha aumentado un 33% entre 2002 y 2023, <\/strong>superando significativamente el promedio nacional del 19%. &nbsp;Adem\u00e1s, entre 2020 y 2024 en Chile <strong>se triplicaron las atenciones GES retrasadas de pacientes con c\u00e1ncer, <\/strong>donde las atenciones rezagadas por esta enfermedad pasaron de 4.758 a 15.312, seg\u00fan el Centro de Pol\u00edticas P\u00fablicas e Innovaci\u00f3n en Salud de la U. del Desarrollo. Esta preocupante realidad impuls\u00f3 a Andes Salud a implementar soluciones locales que permitan atender las necesidades urgentes de los pacientes, quienes por a\u00f1os han debido trasladarse a otras regiones para recibir tratamientos oncol\u00f3gicos. Con la apertura de esta nueva Unidad y el futuro funcionamiento del Centro de Radioterapia, se busca transformar radicalmente la experiencia de los pacientes, facilitando el acceso a tratamientos integrales sin necesidad de alejarse de sus redes de apoyo.<\/p>\n\n\n\n<p>Durante la ceremonia, <strong>Gonzalo Grebe, Gerente General de Andes Salud<\/strong>, destac\u00f3: \u201c<em>Hoy reafirmamos nuestro compromiso de ser un referente en oncolog\u00eda en regiones, especialmente en el sur de Chile. La apertura de nuestra nueva Unidad de Quimioterapia y el inicio de la construcci\u00f3n del Centro de Radioterapia en Puerto Montt permitir\u00e1n que m\u00e1s pacientes reciban tratamientos integrales sin necesidad de trasladarse a otras regiones o pa\u00edses<\/em>, como ocurre actualmente con los pacientes que requieren radioterapia y deben de viajar a Bariloche, Santiago o Valdivia.\u201d<\/p>\n\n\n\n<p>\u201c<em>Me llena de alegr\u00eda saber que, desde hoy, contamos con una Unidad de Quimioterapia en Puerto Montt. Durante mi tratamiento, tuve que movilizarme a otras ciudades para poder recibir atenci\u00f3n. S\u00e9 lo importante que es estar cerca de tu red de apoyo y, por tanto, esta inauguraci\u00f3n significa esperanza y calidad de vida<\/em>\u201d, <strong>destac\u00f3 Lorena Arcos<\/strong>, paciente oncol\u00f3gica.<\/p>\n\n\n\n<p>Esta importante actividad cont\u00f3 con la presencia de destacadas autoridades, incluyendo a <strong>Karin Sol\u00eds, SEREMI de Salud de Los Lagos; B\u00e1rbara del Pino, Directora del Servicio de Salud del Reloncav\u00ed; Marcela C\u00e1rcamo, Directora del Servicio de Salud de Chilo\u00e9; Rodrigo Wainraihgt, Alcalde de Puerto Montt<\/strong>; adem\u00e1s gracias a la <strong>alianza con Fundaci\u00f3n CARE<\/strong> asistieron tambi\u00e9n su <strong>Presidenta, Cecilia Bolocco y Pablo Pizarro, su Director Ejecutivo<\/strong> juntodiversos alcaldes de la regi\u00f3n, quienes destacaron la importancia de este avance para la comunidad.<\/p>\n\n\n\n<p>Por su parte, el <strong>Alcalde de Puerto Montt<\/strong>, <strong>Rodrigo Wainraihgt<\/strong>, felicit\u00f3 a Andes Salud por este gran hito, indicando que \u201c<em>Andes Salud es parte del Plan C\u00e1ncer, iniciativa impulsada por la Municipalidad de Puerto Montt y esta Unidad permitir\u00e1 que los pacientes de la regi\u00f3n puedan acceder a tratamientos y a especialistas de manera oportuna<\/em>\u201d.<\/p>\n\n\n\n<p>La <strong>Directora del Servicio de Salud del Reloncav\u00ed, B\u00e1rbara del Pino<\/strong>, tambi\u00e9n destac\u00f3 la relevancia de este hito: \u201c<em>Estamos muy contentos por esta Inauguraci\u00f3n, ya que es nuestro deber entregar salud en esta zona del pa\u00eds. La instalaci\u00f3n de la primera piedra de este Centro de Radioterapia y la inauguraci\u00f3n de la Unidad de Quimioterapia son una muestra concreta del compromiso de Andes Salud de acercar la salud a las personas\u201d.<\/em><\/p>\n\n\n\n<p>La ceremonia tambi\u00e9n resalt\u00f3 la <strong>alianza de Andes Salud con la Fundaci\u00f3n CARE<\/strong>, donde ya se entregaron 36 ex\u00e1menes de PET-CT y 500 mamograf\u00edas gratuitas a pacientes de Andes Salud en regiones. \u201c<em>La alianza p\u00fablico-privada es esencial para combatir el c\u00e1ncer, la \u00fanica manera de enfrentarlo es combatiendo juntos. El c\u00e1ncer es la primera causa de muerte en Chile y mientras en el mundo las cifras de fatalidad disminuyen, en Chile aumentan. Lo que aqu\u00ed se est\u00e1 desarrollando es algo magn\u00edfico. Aplaudo la iniciativa de Andes Salud<\/em>\u201d, se\u00f1al\u00f3 <strong>Cecilia Bolocco<\/strong> durante la ceremonia.<\/p>\n\n\n\n<p><strong>La nueva Unidad de Quimioterapia de Andes Salud Puerto Montt<\/strong> cuenta con instalaciones modernas dise\u00f1adas para ofrecer un entorno c\u00f3modo y seguro, complementado por una vista privilegiada al seno del Reloncav\u00ed, que busca proporcionar un ambiente tranquilizador para los pacientes durante sus tratamientos. Este espacio espera entregar atenci\u00f3n oncol\u00f3gica a cerca de 600 pacientes al a\u00f1o y se complementa con el <strong>PET-CT m\u00e1s austral de Chile<\/strong>, el cual ha mejorado diagn\u00f3sticos y tratamientos de c\u00e1ncer realizando m\u00e1s de 1.000 ex\u00e1menes desde septiembre 2023 a la fecha, y un <strong>Comit\u00e9 Oncol\u00f3gico activo<\/strong>, que permite ofrecer diagn\u00f3sticos y tratamientos integrales y especializados contra esta enfermedad.<\/p>\n\n\n\n<p>Con la futura apertura del <strong>Centro de Radioterapia<\/strong> en 2026 se busca dar respuesta a una necesidad urgente de los pacientes oncol\u00f3gicos de la regi\u00f3n, quienes hoy deben trasladarse a otras regiones o incluso a Argentina para acceder a estos tratamientos. Actualmente, cerca de 500 pacientes al a\u00f1o, que requieren tratamiento de radioterapia son derivados desde el Servicio de Salud del Reloncav\u00ed a Bariloche. Esta nueva infraestructura permitir\u00e1 que los pacientes puedan recibir atenci\u00f3n completa en Puerto Montt, reduciendo tiempos de espera, costos de traslado y mejorando su calidad de vida.<\/p>\n\n\n\n<p>Este hito de Andes Salud Puerto Montt reafirma su liderazgo en oncolog\u00eda y en atenci\u00f3n m\u00e9dica especializada, ofreciendo soluciones de salud de vanguardia para todos los habitantes de la regi\u00f3n de Los Lagos.<\/p>\n","protected":false},"excerpt":{"rendered":"<p>Andes Salud Puerto Montt dio un paso trascendental en la lucha contra el c\u00e1ncer con la inauguraci\u00f3n de su nueva Unidad de Quimioterapia y la instalaci\u00f3n de la primera piedra..<\/p>\n","protected":false},"author":7,"featured_media":10044,"comment_status":"closed","ping_status":"open","sticky":false,"template":"","format":"standard","meta":{"footnotes":""},"categories":[1],"tags":[],"class_list":["post-10043","post","type-post","status-publish","format-standard","has-post-thumbnail","hentry","category-acontecer"],"rttpg_featured_image_url":{"full":["https:\/\/elconquistadorredloslagos.cl\/test\/wp-content\/uploads\/2025\/05\/radioterapia-andes-salud.png",1920,1080,false],"landscape":["https:\/\/elconquistadorredloslagos.cl\/test\/wp-content\/uploads\/2025\/05\/radioterapia-andes-salud.png",1920,1080,false],"portraits":["https:\/\/elconquistadorredloslagos.cl\/test\/wp-content\/uploads\/2025\/05\/radioterapia-andes-salud.png",1920,1080,false],"thumbnail":["https:\/\/elconquistadorredloslagos.cl\/test\/wp-content\/uploads\/2025\/05\/radioterapia-andes-salud-150x150.png",150,150,true],"medium":["https:\/\/elconquistadorredloslagos.cl\/test\/wp-content\/uploads\/2025\/05\/radioterapia-andes-salud-300x169.png",300,169,true],"large":["https:\/\/elconquistadorredloslagos.cl\/test\/wp-content\/uploads\/2025\/05\/radioterapia-andes-salud-1024x576.png",1024,576,true],"1536x1536":["https:\/\/elconquistadorredloslagos.cl\/test\/wp-content\/uploads\/2025\/05\/radioterapia-andes-salud-1536x864.png",1536,864,true],"2048x2048":["https:\/\/elconquistadorredloslagos.cl\/test\/wp-content\/uploads\/2025\/05\/radioterapia-andes-salud.png",1920,1080,false]},"rttpg_author":{"display_name":"enzodelahoz1988","author_link":"https:\/\/elconquistadorredloslagos.cl\/test\/blog\/author\/enzodelahoz1988\/"},"rttpg_comment":0,"rttpg_category":"<a href=\"https:\/\/elconquistadorredloslagos.cl\/test\/blog\/category\/actual\/acontecer\/\" rel=\"category tag\">Acontecer<\/a>","rttpg_excerpt":"Andes Salud Puerto Montt dio un paso trascendental en la lucha contra el c\u00e1ncer con la inauguraci\u00f3n de su nueva Unidad de Quimioterapia y la instalaci\u00f3n de la primera piedra..","_links":{"self":[{"href":"https:\/\/elconquistadorredloslagos.cl\/test\/wp-json\/wp\/v2\/posts\/10043","targetHints":{"allow":["GET"]}}],"collection":[{"href":"https:\/\/elconquistadorredloslagos.cl\/test\/wp-json\/wp\/v2\/posts"}],"about":[{"href":"https:\/\/elconquistadorredloslagos.cl\/test\/wp-json\/wp\/v2\/types\/post"}],"author":[{"embeddable":true,"href":"https:\/\/elconquistadorredloslagos.cl\/test\/wp-json\/wp\/v2\/users\/7"}],"replies":[{"embeddable":true,"href":"https:\/\/elconquistadorredloslagos.cl\/test\/wp-json\/wp\/v2\/comments?post=10043"}],"version-history":[{"count":1,"href":"https:\/\/elconquistadorredloslagos.cl\/test\/wp-json\/wp\/v2\/posts\/10043\/revisions"}],"predecessor-version":[{"id":10045,"href":"https:\/\/elconquistadorredloslagos.cl\/test\/wp-json\/wp\/v2\/posts\/10043\/revisions\/10045"}],"wp:featuredmedia":[{"embeddable":true,"href":"https:\/\/elconquistadorredloslagos.cl\/test\/wp-json\/wp\/v2\/media\/10044"}],"wp:attachment":[{"href":"https:\/\/elconquistadorredloslagos.cl\/test\/wp-json\/wp\/v2\/media?parent=10043"}],"wp:term":[{"taxonomy":"category","embeddable":true,"href":"https:\/\/elconquistadorredloslagos.cl\/test\/wp-json\/wp\/v2\/categories?post=10043"},{"taxonomy":"post_tag","embeddable":true,"href":"https:\/\/elconquistadorredloslagos.cl\/test\/wp-json\/wp\/v2\/tags?post=10043"}],"curies":[{"name":"wp","href":"https:\/\/api.w.org\/{rel}","templated":true}]}}