{"id":10038,"date":"2025-05-08T10:04:47","date_gmt":"2025-05-08T14:04:47","guid":{"rendered":"https:\/\/elconquistadorredloslagos.cl\/test\/?p=10038"},"modified":"2025-05-08T10:04:47","modified_gmt":"2025-05-08T14:04:47","slug":"municipalidad-de-puerto-montt-lanza-programa-de-autotoma-para-detectar-el-virus-del-papiloma-humano","status":"publish","type":"post","link":"https:\/\/elconquistadorredloslagos.cl\/test\/blog\/2025\/05\/08\/municipalidad-de-puerto-montt-lanza-programa-de-autotoma-para-detectar-el-virus-del-papiloma-humano\/","title":{"rendered":"Municipalidad de Puerto Montt lanza programa de autotoma para detectar el Virus del Papiloma Humano"},"content":{"rendered":"\n<p>Cincuenta mujeres de entre 30 y 64 a\u00f1os de diversos sectores de la Carretera Austral participar\u00e1n en el primer Programa de Autotoma VPH que lidera la Municipalidad de Puerto Montt con el objetivo de detectar la presencia de 14 genotipos de alto riesgo del Virus del Papiloma Humano, una de las principales causas del c\u00e1ncer cervicouterino.<\/p>\n\n\n\n<p>El test ser\u00e1 realizado por las propias usuarias en sus domicilios y funciona de manera similar al examen de Papanicolau. Permitir\u00e1 descubrir la presencia del virus a trav\u00e9s de la aplicaci\u00f3n de un dispositivo que consiste en un embolo de empuje que libera un suave cepillo para recolectar la muestra.<\/p>\n\n\n\n<p>El alcalde de Puerto Montt, Rodrigo Wainraihgt, destac\u00f3 que el programa distribuir\u00e1 en forma gratuita los kits adquiridos mediante un convenio de colaboraci\u00f3n con el Instituto de Patolog\u00eda Austral, entidad que adem\u00e1s entregar\u00e1 apoyo t\u00e9cnico.<\/p>\n\n\n\n<p>\u201cEstamos entregando al sector rural 50 kits de autotoma para que nuestras vecinas se puedan realizar una autoprevenci\u00f3n, en que tambi\u00e9n van a colaborar con ayuda t\u00e9cnica los funcionarios de Salud. Se trata de detectar el Virus del Papiloma Humano y prevenir el c\u00e1ncer cervicouterino. En el evento que se descubra, avisar a la persona y activar los protocolos para la intervenci\u00f3n del hospital\u201d, explic\u00f3 el jefe comunal.<\/p>\n\n\n\n<p>La subdirectora cl\u00ednica del Departamento de Salud Municipal, Giovanna Bellocchio, destac\u00f3 que el testeo es un m\u00e9todo \u00fatil para dejar al descubierto la presencia del microorganismo de una manera sencilla y efectiva.<\/p>\n\n\n\n<p>\u201cEs un programa in\u00e9dito y un gran avance en el \u00e1rea ginecol\u00f3gica porque significa que las personas pueden saber, antes de tener una lesi\u00f3n en el cuello del \u00fatero, si tiene el virus que la genera\u201d, expres\u00f3.<\/p>\n\n\n\n<p class=\"has-text-align-center\"><strong>Detecci\u00f3n temprana<\/strong><\/p>\n\n\n\n<p>La concejala Evelyn Ch\u00e1vez valor\u00f3 la implementaci\u00f3n de este plan en la Carretera Austral, se\u00f1alando que \u201cen los sectores rurales tenemos problemas de accesos complicados para la toma los ex\u00e1menes preventivos, y esta es una buena forma que la salud llegue a esos lugares\u201d.<\/p>\n\n\n\n<p>La presidenta del Comit\u00e9 de Salud de Chamiza, Mar\u00eda Tureo, expres\u00f3 que el programa de autotoma \u201ces muy bueno para la comunidad porque, como dec\u00eda el alcalde, muchas veces en nuestra zona no se puede detectar esta enfermedad a tiempo. Es una gran idea, de una campa\u00f1a que est\u00e1 reci\u00e9n est\u00e1 empezando\u201d.<\/p>\n\n\n\n<p>El secretario de la Junta de Vecinos de Lenca, Aldo Flores, resalt\u00f3 que \u201cel c\u00e1ncer es un drama que tenemos en el pa\u00eds entero, y en la localidad de Lenca hemos tenido casos emblem\u00e1ticos. Lamentablemente, muchas veces no se realizan los ex\u00e1menes en forma oportuna por la lejan\u00eda u otros motivos. Es muy bueno que nos inviten para que nosotros podamos difundirlo en nuestra comunidad\u201d, coment\u00f3.<\/p>\n\n\n\n<p>La iniciativa es parte de Plan C\u00e1ncer, pol\u00edtica p\u00fablica que lidera el municipio y que re\u00fane a diversos actores p\u00fablicos, privados y expertos en Salud, que busca abordar la enfermedad mediante medidas que fomenten la prevenci\u00f3n, detecci\u00f3n y tratamiento.<\/p>\n","protected":false},"excerpt":{"rendered":"<p>Cincuenta mujeres de entre 30 y 64 a\u00f1os de diversos sectores de la Carretera Austral participar\u00e1n en el primer Programa de Autotoma VPH que lidera la Municipalidad de Puerto Montt..<\/p>\n","protected":false},"author":7,"featured_media":10039,"comment_status":"closed","ping_status":"open","sticky":false,"template":"","format":"standard","meta":{"footnotes":""},"categories":[1],"tags":[],"class_list":["post-10038","post","type-post","status-publish","format-standard","has-post-thumbnail","hentry","category-acontecer"],"rttpg_featured_image_url":{"full":["https:\/\/elconquistadorredloslagos.cl\/test\/wp-content\/uploads\/2025\/05\/papiloma-puerto-montt.png",1920,1080,false],"landscape":["https:\/\/elconquistadorredloslagos.cl\/test\/wp-content\/uploads\/2025\/05\/papiloma-puerto-montt.png",1920,1080,false],"portraits":["https:\/\/elconquistadorredloslagos.cl\/test\/wp-content\/uploads\/2025\/05\/papiloma-puerto-montt.png",1920,1080,false],"thumbnail":["https:\/\/elconquistadorredloslagos.cl\/test\/wp-content\/uploads\/2025\/05\/papiloma-puerto-montt-150x150.png",150,150,true],"medium":["https:\/\/elconquistadorredloslagos.cl\/test\/wp-content\/uploads\/2025\/05\/papiloma-puerto-montt-300x169.png",300,169,true],"large":["https:\/\/elconquistadorredloslagos.cl\/test\/wp-content\/uploads\/2025\/05\/papiloma-puerto-montt-1024x576.png",1024,576,true],"1536x1536":["https:\/\/elconquistadorredloslagos.cl\/test\/wp-content\/uploads\/2025\/05\/papiloma-puerto-montt-1536x864.png",1536,864,true],"2048x2048":["https:\/\/elconquistadorredloslagos.cl\/test\/wp-content\/uploads\/2025\/05\/papiloma-puerto-montt.png",1920,1080,false]},"rttpg_author":{"display_name":"enzodelahoz1988","author_link":"https:\/\/elconquistadorredloslagos.cl\/test\/blog\/author\/enzodelahoz1988\/"},"rttpg_comment":0,"rttpg_category":"<a href=\"https:\/\/elconquistadorredloslagos.cl\/test\/blog\/category\/actual\/acontecer\/\" rel=\"category tag\">Acontecer<\/a>","rttpg_excerpt":"Cincuenta mujeres de entre 30 y 64 a\u00f1os de diversos sectores de la Carretera Austral participar\u00e1n en el primer Programa de Autotoma VPH que lidera la Municipalidad de Puerto Montt..","_links":{"self":[{"href":"https:\/\/elconquistadorredloslagos.cl\/test\/wp-json\/wp\/v2\/posts\/10038","targetHints":{"allow":["GET"]}}],"collection":[{"href":"https:\/\/elconquistadorredloslagos.cl\/test\/wp-json\/wp\/v2\/posts"}],"about":[{"href":"https:\/\/elconquistadorredloslagos.cl\/test\/wp-json\/wp\/v2\/types\/post"}],"author":[{"embeddable":true,"href":"https:\/\/elconquistadorredloslagos.cl\/test\/wp-json\/wp\/v2\/users\/7"}],"replies":[{"embeddable":true,"href":"https:\/\/elconquistadorredloslagos.cl\/test\/wp-json\/wp\/v2\/comments?post=10038"}],"version-history":[{"count":1,"href":"https:\/\/elconquistadorredloslagos.cl\/test\/wp-json\/wp\/v2\/posts\/10038\/revisions"}],"predecessor-version":[{"id":10040,"href":"https:\/\/elconquistadorredloslagos.cl\/test\/wp-json\/wp\/v2\/posts\/10038\/revisions\/10040"}],"wp:featuredmedia":[{"embeddable":true,"href":"https:\/\/elconquistadorredloslagos.cl\/test\/wp-json\/wp\/v2\/media\/10039"}],"wp:attachment":[{"href":"https:\/\/elconquistadorredloslagos.cl\/test\/wp-json\/wp\/v2\/media?parent=10038"}],"wp:term":[{"taxonomy":"category","embeddable":true,"href":"https:\/\/elconquistadorredloslagos.cl\/test\/wp-json\/wp\/v2\/categories?post=10038"},{"taxonomy":"post_tag","embeddable":true,"href":"https:\/\/elconquistadorredloslagos.cl\/test\/wp-json\/wp\/v2\/tags?post=10038"}],"curies":[{"name":"wp","href":"https:\/\/api.w.org\/{rel}","templated":true}]}}