{"id":10033,"date":"2025-05-08T08:49:36","date_gmt":"2025-05-08T12:49:36","guid":{"rendered":"https:\/\/elconquistadorredloslagos.cl\/test\/?p=10033"},"modified":"2025-05-08T14:46:04","modified_gmt":"2025-05-08T18:46:04","slug":"3-464-millones-de-pesos-dipres-concreta-nuevo-recorte-al-gore","status":"publish","type":"post","link":"https:\/\/elconquistadorredloslagos.cl\/test\/blog\/2025\/05\/08\/3-464-millones-de-pesos-dipres-concreta-nuevo-recorte-al-gore\/","title":{"rendered":"3.464 millones de pesos: Dipres concreta nuevo recorte al GORE"},"content":{"rendered":"\n<p>El Consejo Regional de Los Lagos dio luz verde al controvertido Decreto N\u00b0 451 del Ministerio de Hacienda, que introduce un ajuste de $52 mil millones en el presupuesto p\u00fablico 2025, afectando directamente el financiamiento de los gobiernos regionales. <\/p>\n\n\n\n<p>La votaci\u00f3n, realizada en la Comisi\u00f3n Conjunta de Hacienda, se sald\u00f3 con 8 votos favorables, 1 en contra y 7 abstenciones.<\/p>\n\n\n\n<p>La Regi\u00f3n de Los Lagos sufrir\u00e1 un recorte de M$3.464.847, cifra que desat\u00f3 cuestionamientos entre los consejeros reunidos en Puqueld\u00f3n. <\/p>\n\n\n\n<p>La molestia por la medida se trasladar\u00e1 hoy a una nueva sesi\u00f3n plenaria del CORE, donde se espera que se profundicen los reparos.<\/p>\n\n\n\n<p>Yasna V\u00e1squez, presidenta de la comisi\u00f3n y representante del Partido Republicano, confirm\u00f3 la rebaja y aclar\u00f3 que los fondos afectados corresponden al 3% del presupuesto del FNDR, asignado tradicionalmente a enfrentar emergencias.<\/p>\n\n\n\n<p><\/p>\n","protected":false},"excerpt":{"rendered":"<p>El Consejo Regional de Los Lagos dio luz verde al controvertido Decreto N\u00b0 451 del Ministerio de Hacienda, que introduce un ajuste de $52 mil millones en el presupuesto p\u00fablico..<\/p>\n","protected":false},"author":2,"featured_media":10034,"comment_status":"closed","ping_status":"open","sticky":false,"template":"","format":"standard","meta":{"footnotes":""},"categories":[1,28],"tags":[],"class_list":["post-10033","post","type-post","status-publish","format-standard","has-post-thumbnail","hentry","category-acontecer","category-actual"],"rttpg_featured_image_url":{"full":["https:\/\/elconquistadorredloslagos.cl\/test\/wp-content\/uploads\/2025\/05\/Claudita_20250508_084700_0000.jpg",1920,1080,false],"landscape":["https:\/\/elconquistadorredloslagos.cl\/test\/wp-content\/uploads\/2025\/05\/Claudita_20250508_084700_0000.jpg",1920,1080,false],"portraits":["https:\/\/elconquistadorredloslagos.cl\/test\/wp-content\/uploads\/2025\/05\/Claudita_20250508_084700_0000.jpg",1920,1080,false],"thumbnail":["https:\/\/elconquistadorredloslagos.cl\/test\/wp-content\/uploads\/2025\/05\/Claudita_20250508_084700_0000-150x150.jpg",150,150,true],"medium":["https:\/\/elconquistadorredloslagos.cl\/test\/wp-content\/uploads\/2025\/05\/Claudita_20250508_084700_0000-300x169.jpg",300,169,true],"large":["https:\/\/elconquistadorredloslagos.cl\/test\/wp-content\/uploads\/2025\/05\/Claudita_20250508_084700_0000-1024x576.jpg",1024,576,true],"1536x1536":["https:\/\/elconquistadorredloslagos.cl\/test\/wp-content\/uploads\/2025\/05\/Claudita_20250508_084700_0000-1536x864.jpg",1536,864,true],"2048x2048":["https:\/\/elconquistadorredloslagos.cl\/test\/wp-content\/uploads\/2025\/05\/Claudita_20250508_084700_0000.jpg",1920,1080,false]},"rttpg_author":{"display_name":"ccardenas","author_link":"https:\/\/elconquistadorredloslagos.cl\/test\/blog\/author\/ccardenas\/"},"rttpg_comment":0,"rttpg_category":"<a href=\"https:\/\/elconquistadorredloslagos.cl\/test\/blog\/category\/actual\/acontecer\/\" rel=\"category tag\">Acontecer<\/a> <a href=\"https:\/\/elconquistadorredloslagos.cl\/test\/blog\/category\/actual\/\" rel=\"category tag\">Actualidad<\/a>","rttpg_excerpt":"El Consejo Regional de Los Lagos dio luz verde al controvertido Decreto N\u00b0 451 del Ministerio de Hacienda, que introduce un ajuste de $52 mil millones en el presupuesto p\u00fablico..","_links":{"self":[{"href":"https:\/\/elconquistadorredloslagos.cl\/test\/wp-json\/wp\/v2\/posts\/10033","targetHints":{"allow":["GET"]}}],"collection":[{"href":"https:\/\/elconquistadorredloslagos.cl\/test\/wp-json\/wp\/v2\/posts"}],"about":[{"href":"https:\/\/elconquistadorredloslagos.cl\/test\/wp-json\/wp\/v2\/types\/post"}],"author":[{"embeddable":true,"href":"https:\/\/elconquistadorredloslagos.cl\/test\/wp-json\/wp\/v2\/users\/2"}],"replies":[{"embeddable":true,"href":"https:\/\/elconquistadorredloslagos.cl\/test\/wp-json\/wp\/v2\/comments?post=10033"}],"version-history":[{"count":1,"href":"https:\/\/elconquistadorredloslagos.cl\/test\/wp-json\/wp\/v2\/posts\/10033\/revisions"}],"predecessor-version":[{"id":10035,"href":"https:\/\/elconquistadorredloslagos.cl\/test\/wp-json\/wp\/v2\/posts\/10033\/revisions\/10035"}],"wp:featuredmedia":[{"embeddable":true,"href":"https:\/\/elconquistadorredloslagos.cl\/test\/wp-json\/wp\/v2\/media\/10034"}],"wp:attachment":[{"href":"https:\/\/elconquistadorredloslagos.cl\/test\/wp-json\/wp\/v2\/media?parent=10033"}],"wp:term":[{"taxonomy":"category","embeddable":true,"href":"https:\/\/elconquistadorredloslagos.cl\/test\/wp-json\/wp\/v2\/categories?post=10033"},{"taxonomy":"post_tag","embeddable":true,"href":"https:\/\/elconquistadorredloslagos.cl\/test\/wp-json\/wp\/v2\/tags?post=10033"}],"curies":[{"name":"wp","href":"https:\/\/api.w.org\/{rel}","templated":true}]}}