{"id":10023,"date":"2025-05-07T17:26:53","date_gmt":"2025-05-07T21:26:53","guid":{"rendered":"https:\/\/elconquistadorredloslagos.cl\/test\/?p=10023"},"modified":"2025-05-07T17:26:53","modified_gmt":"2025-05-07T21:26:53","slug":"ruta-de-los-parques-de-la-patagonia-conforma-su-gobernanza-regional-en-los-lagos","status":"publish","type":"post","link":"https:\/\/elconquistadorredloslagos.cl\/test\/blog\/2025\/05\/07\/ruta-de-los-parques-de-la-patagonia-conforma-su-gobernanza-regional-en-los-lagos\/","title":{"rendered":"Ruta de los Parques de la Patagonia conforma su gobernanza regional en Los Lagos"},"content":{"rendered":"\n<p>En el Gobierno Regional de Los Lagos se realiz\u00f3 la sesi\u00f3n del Comit\u00e9 Regional del Programa Transforma \u201cRuta de los Parques de la Patagonia\u201d, iniciativa que busca posicionar esta ruta como un destino mundial de turismo de naturaleza y conservaci\u00f3n.<\/p>\n\n\n\n<p>El encuentro, encabezado por Corfo y con participaci\u00f3n de autoridades, empresarios, universidades y organizaciones civiles, permiti\u00f3 revisar la hoja de ruta y consolidar alianzas para el desarrollo sustentable del territorio.<\/p>\n\n\n\n<p>La reuni\u00f3n fue encabezada&nbsp; por el director regional (S) de Corfo Los Lagos, David Espinoza, y cont\u00f3 con la participaci\u00f3n del seremi de Econom\u00eda, Fomento y Turismo, Luis C\u00e1rdenas, as\u00ed como del asesor del gobernador regional, Fernando Hern\u00e1ndez, en representaci\u00f3n del GORE Los Lagos. Tambi\u00e9n asistieron representantes del MOP, Municipalidades, asociaciones de gu\u00edas, c\u00e1maras de turismo, operadores tur\u00edsticos, empresarios del rubro, universidades, Fundacion Rewilding Chile y servicios vinculados al desarrollo territorial.<\/p>\n\n\n\n<p>El programa, con una duraci\u00f3n de nueve a\u00f1os y un presupuesto inicial de $600 millones, abarca desde Puerto Montt hasta Magallanes y es ejecutado por FUDEA UFRO.<\/p>\n\n\n\n<p>Autoridades destacaron la necesidad de una gobernanza colaborativa y la importancia de conectar zonas como Palena, con alto potencial tur\u00edstico. Se acord\u00f3 realizar la pr\u00f3xima sesi\u00f3n en terreno, fortaleciendo la descentralizaci\u00f3n y el v\u00ednculo con las comunidades locales.<\/p>\n\n\n\n<p>La articulaci\u00f3n p\u00fablico-privada es clave para convertir la Ruta en un referente internacional del turismo sostenible.<\/p>\n","protected":false},"excerpt":{"rendered":"<p>En el Gobierno Regional de Los Lagos se realiz\u00f3 la sesi\u00f3n del Comit\u00e9 Regional del Programa Transforma \u201cRuta de los Parques de la Patagonia\u201d, iniciativa que busca posicionar esta ruta..<\/p>\n","protected":false},"author":2,"featured_media":10024,"comment_status":"closed","ping_status":"open","sticky":false,"template":"","format":"standard","meta":{"footnotes":""},"categories":[1,28,34,29],"tags":[],"class_list":["post-10023","post","type-post","status-publish","format-standard","has-post-thumbnail","hentry","category-acontecer","category-actual","category-cultura","category-turismo"],"rttpg_featured_image_url":{"full":["https:\/\/elconquistadorredloslagos.cl\/test\/wp-content\/uploads\/2025\/05\/img1-4.jpg",1920,1080,false],"landscape":["https:\/\/elconquistadorredloslagos.cl\/test\/wp-content\/uploads\/2025\/05\/img1-4.jpg",1920,1080,false],"portraits":["https:\/\/elconquistadorredloslagos.cl\/test\/wp-content\/uploads\/2025\/05\/img1-4.jpg",1920,1080,false],"thumbnail":["https:\/\/elconquistadorredloslagos.cl\/test\/wp-content\/uploads\/2025\/05\/img1-4-150x150.jpg",150,150,true],"medium":["https:\/\/elconquistadorredloslagos.cl\/test\/wp-content\/uploads\/2025\/05\/img1-4-300x169.jpg",300,169,true],"large":["https:\/\/elconquistadorredloslagos.cl\/test\/wp-content\/uploads\/2025\/05\/img1-4-1024x576.jpg",1024,576,true],"1536x1536":["https:\/\/elconquistadorredloslagos.cl\/test\/wp-content\/uploads\/2025\/05\/img1-4-1536x864.jpg",1536,864,true],"2048x2048":["https:\/\/elconquistadorredloslagos.cl\/test\/wp-content\/uploads\/2025\/05\/img1-4.jpg",1920,1080,false]},"rttpg_author":{"display_name":"ccardenas","author_link":"https:\/\/elconquistadorredloslagos.cl\/test\/blog\/author\/ccardenas\/"},"rttpg_comment":0,"rttpg_category":"<a href=\"https:\/\/elconquistadorredloslagos.cl\/test\/blog\/category\/actual\/acontecer\/\" rel=\"category tag\">Acontecer<\/a> <a href=\"https:\/\/elconquistadorredloslagos.cl\/test\/blog\/category\/actual\/\" rel=\"category tag\">Actualidad<\/a> <a href=\"https:\/\/elconquistadorredloslagos.cl\/test\/blog\/category\/cultura\/\" rel=\"category tag\">Cultural<\/a> <a href=\"https:\/\/elconquistadorredloslagos.cl\/test\/blog\/category\/actual\/turismo\/\" rel=\"category tag\">Turismo<\/a>","rttpg_excerpt":"En el Gobierno Regional de Los Lagos se realiz\u00f3 la sesi\u00f3n del Comit\u00e9 Regional del Programa Transforma \u201cRuta de los Parques de la Patagonia\u201d, iniciativa que busca posicionar esta ruta..","_links":{"self":[{"href":"https:\/\/elconquistadorredloslagos.cl\/test\/wp-json\/wp\/v2\/posts\/10023","targetHints":{"allow":["GET"]}}],"collection":[{"href":"https:\/\/elconquistadorredloslagos.cl\/test\/wp-json\/wp\/v2\/posts"}],"about":[{"href":"https:\/\/elconquistadorredloslagos.cl\/test\/wp-json\/wp\/v2\/types\/post"}],"author":[{"embeddable":true,"href":"https:\/\/elconquistadorredloslagos.cl\/test\/wp-json\/wp\/v2\/users\/2"}],"replies":[{"embeddable":true,"href":"https:\/\/elconquistadorredloslagos.cl\/test\/wp-json\/wp\/v2\/comments?post=10023"}],"version-history":[{"count":1,"href":"https:\/\/elconquistadorredloslagos.cl\/test\/wp-json\/wp\/v2\/posts\/10023\/revisions"}],"predecessor-version":[{"id":10025,"href":"https:\/\/elconquistadorredloslagos.cl\/test\/wp-json\/wp\/v2\/posts\/10023\/revisions\/10025"}],"wp:featuredmedia":[{"embeddable":true,"href":"https:\/\/elconquistadorredloslagos.cl\/test\/wp-json\/wp\/v2\/media\/10024"}],"wp:attachment":[{"href":"https:\/\/elconquistadorredloslagos.cl\/test\/wp-json\/wp\/v2\/media?parent=10023"}],"wp:term":[{"taxonomy":"category","embeddable":true,"href":"https:\/\/elconquistadorredloslagos.cl\/test\/wp-json\/wp\/v2\/categories?post=10023"},{"taxonomy":"post_tag","embeddable":true,"href":"https:\/\/elconquistadorredloslagos.cl\/test\/wp-json\/wp\/v2\/tags?post=10023"}],"curies":[{"name":"wp","href":"https:\/\/api.w.org\/{rel}","templated":true}]}}