{"id":10020,"date":"2025-05-07T16:32:10","date_gmt":"2025-05-07T20:32:10","guid":{"rendered":"https:\/\/elconquistadorredloslagos.cl\/test\/?p=10020"},"modified":"2025-05-07T16:32:10","modified_gmt":"2025-05-07T20:32:10","slug":"internacional-fumata-negra-en-el-vaticano-tras-primer-dia-de-conclave","status":"publish","type":"post","link":"https:\/\/elconquistadorredloslagos.cl\/test\/blog\/2025\/05\/07\/internacional-fumata-negra-en-el-vaticano-tras-primer-dia-de-conclave\/","title":{"rendered":"Internacional: fumata negra en el Vaticano tras primer d\u00eda de c\u00f3nclave"},"content":{"rendered":"\n<p>El c\u00f3nclave para elegir al nuevo pont\u00edfice tras luego del fallecimiento del papa Francisco arranc\u00f3 este mi\u00e9rcoles en el Vaticano, con el tradicional encierro de los 133 cardenales electores en la Capilla Sixtina. La primera votaci\u00f3n concluy\u00f3 sin consenso: una densa fumata negra emergi\u00f3 pasadas las 21.00 horas local (15.00 en Chile), se\u00f1al de que ning\u00fan candidato alcanz\u00f3 la mayor\u00eda requerida.<\/p>\n\n\n\n<p>La demora en la se\u00f1al de humo -esperada inicialmente hacia las 19.30- gener\u00f3 impaciencia entre los m\u00e1s de 30 mil fieles congregados en la Plaza de San Pedro. El retraso aliment\u00f3 especulaciones y nerviosismo entre periodistas y observadores.<\/p>\n\n\n\n<p>El proceso continuar\u00e1 este jueves, cuando los cardenales reanuden las votaciones. Para ser elegido Papa, un aspirante debe obtener al menos 89 votos, es decir, dos tercios del total. De no alcanzarse un resultado tras tres d\u00edas, se contempla una jornada de oraci\u00f3n sin sufragios, seguida por nuevas rondas de votaci\u00f3n.<\/p>\n\n\n\n<p>El c\u00f3nclave fue formalmente inaugurado a las 17.46, con el cierre de puertas de la Capilla Sixtina tras la proclamaci\u00f3n del \u201cExtra Omnes\u201d. Los cardenales hab\u00edan participado previamente en la misa \u201cPro eligendo Pontifice\u201d oficiada por el cardenal decano Giovanni Battista Re, quien exhort\u00f3 a sus pares a elegir un l\u00edder capaz de \u201cdespertar las conciencias\u201d.<\/p>\n\n\n\n<p>Una frase pronunciada en privado por Re\u00a0 \u201csuerte por partida doble\u201d dirigida al cardenal secretario de Estado, Pietro Parolin, desat\u00f3 rumores sobre su favoritismo. Parolin encabeza la lista de papables junto al filipino Luis Antonio Tagle, el sueco Anders Arborelius, el luxemburgu\u00e9s Jean-Claude Hollerich, el malt\u00e9s Mario Grech y el estadounidense Robert Francis Prevost.<\/p>\n\n\n\n<p>\ud83d\udcf7 EFE<\/p>\n","protected":false},"excerpt":{"rendered":"<p>El c\u00f3nclave para elegir al nuevo pont\u00edfice tras luego del fallecimiento del papa Francisco arranc\u00f3 este mi\u00e9rcoles en el Vaticano, con el tradicional encierro de los 133 cardenales electores en..<\/p>\n","protected":false},"author":2,"featured_media":10021,"comment_status":"closed","ping_status":"open","sticky":false,"template":"","format":"standard","meta":{"footnotes":""},"categories":[1,28],"tags":[],"class_list":["post-10020","post","type-post","status-publish","format-standard","has-post-thumbnail","hentry","category-acontecer","category-actual"],"rttpg_featured_image_url":{"full":["https:\/\/elconquistadorredloslagos.cl\/test\/wp-content\/uploads\/2025\/05\/img1-3.jpg",1920,1080,false],"landscape":["https:\/\/elconquistadorredloslagos.cl\/test\/wp-content\/uploads\/2025\/05\/img1-3.jpg",1920,1080,false],"portraits":["https:\/\/elconquistadorredloslagos.cl\/test\/wp-content\/uploads\/2025\/05\/img1-3.jpg",1920,1080,false],"thumbnail":["https:\/\/elconquistadorredloslagos.cl\/test\/wp-content\/uploads\/2025\/05\/img1-3-150x150.jpg",150,150,true],"medium":["https:\/\/elconquistadorredloslagos.cl\/test\/wp-content\/uploads\/2025\/05\/img1-3-300x169.jpg",300,169,true],"large":["https:\/\/elconquistadorredloslagos.cl\/test\/wp-content\/uploads\/2025\/05\/img1-3-1024x576.jpg",1024,576,true],"1536x1536":["https:\/\/elconquistadorredloslagos.cl\/test\/wp-content\/uploads\/2025\/05\/img1-3-1536x864.jpg",1536,864,true],"2048x2048":["https:\/\/elconquistadorredloslagos.cl\/test\/wp-content\/uploads\/2025\/05\/img1-3.jpg",1920,1080,false]},"rttpg_author":{"display_name":"ccardenas","author_link":"https:\/\/elconquistadorredloslagos.cl\/test\/blog\/author\/ccardenas\/"},"rttpg_comment":0,"rttpg_category":"<a href=\"https:\/\/elconquistadorredloslagos.cl\/test\/blog\/category\/actual\/acontecer\/\" rel=\"category tag\">Acontecer<\/a> <a href=\"https:\/\/elconquistadorredloslagos.cl\/test\/blog\/category\/actual\/\" rel=\"category tag\">Actualidad<\/a>","rttpg_excerpt":"El c\u00f3nclave para elegir al nuevo pont\u00edfice tras luego del fallecimiento del papa Francisco arranc\u00f3 este mi\u00e9rcoles en el Vaticano, con el tradicional encierro de los 133 cardenales electores en..","_links":{"self":[{"href":"https:\/\/elconquistadorredloslagos.cl\/test\/wp-json\/wp\/v2\/posts\/10020","targetHints":{"allow":["GET"]}}],"collection":[{"href":"https:\/\/elconquistadorredloslagos.cl\/test\/wp-json\/wp\/v2\/posts"}],"about":[{"href":"https:\/\/elconquistadorredloslagos.cl\/test\/wp-json\/wp\/v2\/types\/post"}],"author":[{"embeddable":true,"href":"https:\/\/elconquistadorredloslagos.cl\/test\/wp-json\/wp\/v2\/users\/2"}],"replies":[{"embeddable":true,"href":"https:\/\/elconquistadorredloslagos.cl\/test\/wp-json\/wp\/v2\/comments?post=10020"}],"version-history":[{"count":1,"href":"https:\/\/elconquistadorredloslagos.cl\/test\/wp-json\/wp\/v2\/posts\/10020\/revisions"}],"predecessor-version":[{"id":10022,"href":"https:\/\/elconquistadorredloslagos.cl\/test\/wp-json\/wp\/v2\/posts\/10020\/revisions\/10022"}],"wp:featuredmedia":[{"embeddable":true,"href":"https:\/\/elconquistadorredloslagos.cl\/test\/wp-json\/wp\/v2\/media\/10021"}],"wp:attachment":[{"href":"https:\/\/elconquistadorredloslagos.cl\/test\/wp-json\/wp\/v2\/media?parent=10020"}],"wp:term":[{"taxonomy":"category","embeddable":true,"href":"https:\/\/elconquistadorredloslagos.cl\/test\/wp-json\/wp\/v2\/categories?post=10020"},{"taxonomy":"post_tag","embeddable":true,"href":"https:\/\/elconquistadorredloslagos.cl\/test\/wp-json\/wp\/v2\/tags?post=10020"}],"curies":[{"name":"wp","href":"https:\/\/api.w.org\/{rel}","templated":true}]}}