{"id":10017,"date":"2025-05-07T14:13:52","date_gmt":"2025-05-07T18:13:52","guid":{"rendered":"https:\/\/elconquistadorredloslagos.cl\/test\/?p=10017"},"modified":"2025-05-07T14:13:53","modified_gmt":"2025-05-07T18:13:53","slug":"hospital-de-osorno-enfrenta-alza-de-consultas-por-virus-respiratorios-y-reconoce-falta-de-capacidad","status":"publish","type":"post","link":"https:\/\/elconquistadorredloslagos.cl\/test\/blog\/2025\/05\/07\/hospital-de-osorno-enfrenta-alza-de-consultas-por-virus-respiratorios-y-reconoce-falta-de-capacidad\/","title":{"rendered":"Hospital de Osorno enfrenta alza de consultas por virus respiratorios y reconoce falta de capacidad"},"content":{"rendered":"\n<p>Con la llegada del invierno, el aumento de virus respiratorios vuelve a tensionar la red de salud p\u00fablica, afectando especialmente a ni\u00f1os y adultos mayores. Esta alza en las consultas colapsa con frecuencia los servicios de urgencia, y el Hospital Base de Osorno no escapa a esta realidad.<\/p>\n\n\n\n<p>Desde la direcci\u00f3n del recinto asistencial, se indic\u00f3 que aunque existen coordinaciones previas, los tiempos de espera son dif\u00edciles de evitar por la alta demanda. Adem\u00e1s, advirti\u00f3 que el edificio ya resulta insuficiente para la creciente poblaci\u00f3n de Osorno, lo que acent\u00faa el desequilibrio entre oferta y demanda de atenci\u00f3n m\u00e9dica.<\/p>\n\n\n\n<p>Recordar que el hospital fue recientemente parte de una sesi\u00f3n de la Comisi\u00f3n Investigadora Parlamentaria por listas de espera. Si bien se evidenciaron cifras preocupantes, el establecimiento a\u00fan mantiene mejores indicadores que otros centros del pa\u00eds.<\/p>\n","protected":false},"excerpt":{"rendered":"<p>Con la llegada del invierno, el aumento de virus respiratorios vuelve a tensionar la red de salud p\u00fablica, afectando especialmente a ni\u00f1os y adultos mayores. Esta alza en las consultas..<\/p>\n","protected":false},"author":2,"featured_media":10018,"comment_status":"closed","ping_status":"open","sticky":false,"template":"","format":"standard","meta":{"footnotes":""},"categories":[1,28],"tags":[],"class_list":["post-10017","post","type-post","status-publish","format-standard","has-post-thumbnail","hentry","category-acontecer","category-actual"],"rttpg_featured_image_url":{"full":["https:\/\/elconquistadorredloslagos.cl\/test\/wp-content\/uploads\/2025\/05\/img1-2.jpg",1920,1080,false],"landscape":["https:\/\/elconquistadorredloslagos.cl\/test\/wp-content\/uploads\/2025\/05\/img1-2.jpg",1920,1080,false],"portraits":["https:\/\/elconquistadorredloslagos.cl\/test\/wp-content\/uploads\/2025\/05\/img1-2.jpg",1920,1080,false],"thumbnail":["https:\/\/elconquistadorredloslagos.cl\/test\/wp-content\/uploads\/2025\/05\/img1-2-150x150.jpg",150,150,true],"medium":["https:\/\/elconquistadorredloslagos.cl\/test\/wp-content\/uploads\/2025\/05\/img1-2-300x169.jpg",300,169,true],"large":["https:\/\/elconquistadorredloslagos.cl\/test\/wp-content\/uploads\/2025\/05\/img1-2-1024x576.jpg",1024,576,true],"1536x1536":["https:\/\/elconquistadorredloslagos.cl\/test\/wp-content\/uploads\/2025\/05\/img1-2-1536x864.jpg",1536,864,true],"2048x2048":["https:\/\/elconquistadorredloslagos.cl\/test\/wp-content\/uploads\/2025\/05\/img1-2.jpg",1920,1080,false]},"rttpg_author":{"display_name":"ccardenas","author_link":"https:\/\/elconquistadorredloslagos.cl\/test\/blog\/author\/ccardenas\/"},"rttpg_comment":0,"rttpg_category":"<a href=\"https:\/\/elconquistadorredloslagos.cl\/test\/blog\/category\/actual\/acontecer\/\" rel=\"category tag\">Acontecer<\/a> <a href=\"https:\/\/elconquistadorredloslagos.cl\/test\/blog\/category\/actual\/\" rel=\"category tag\">Actualidad<\/a>","rttpg_excerpt":"Con la llegada del invierno, el aumento de virus respiratorios vuelve a tensionar la red de salud p\u00fablica, afectando especialmente a ni\u00f1os y adultos mayores. Esta alza en las consultas..","_links":{"self":[{"href":"https:\/\/elconquistadorredloslagos.cl\/test\/wp-json\/wp\/v2\/posts\/10017","targetHints":{"allow":["GET"]}}],"collection":[{"href":"https:\/\/elconquistadorredloslagos.cl\/test\/wp-json\/wp\/v2\/posts"}],"about":[{"href":"https:\/\/elconquistadorredloslagos.cl\/test\/wp-json\/wp\/v2\/types\/post"}],"author":[{"embeddable":true,"href":"https:\/\/elconquistadorredloslagos.cl\/test\/wp-json\/wp\/v2\/users\/2"}],"replies":[{"embeddable":true,"href":"https:\/\/elconquistadorredloslagos.cl\/test\/wp-json\/wp\/v2\/comments?post=10017"}],"version-history":[{"count":1,"href":"https:\/\/elconquistadorredloslagos.cl\/test\/wp-json\/wp\/v2\/posts\/10017\/revisions"}],"predecessor-version":[{"id":10019,"href":"https:\/\/elconquistadorredloslagos.cl\/test\/wp-json\/wp\/v2\/posts\/10017\/revisions\/10019"}],"wp:featuredmedia":[{"embeddable":true,"href":"https:\/\/elconquistadorredloslagos.cl\/test\/wp-json\/wp\/v2\/media\/10018"}],"wp:attachment":[{"href":"https:\/\/elconquistadorredloslagos.cl\/test\/wp-json\/wp\/v2\/media?parent=10017"}],"wp:term":[{"taxonomy":"category","embeddable":true,"href":"https:\/\/elconquistadorredloslagos.cl\/test\/wp-json\/wp\/v2\/categories?post=10017"},{"taxonomy":"post_tag","embeddable":true,"href":"https:\/\/elconquistadorredloslagos.cl\/test\/wp-json\/wp\/v2\/tags?post=10017"}],"curies":[{"name":"wp","href":"https:\/\/api.w.org\/{rel}","templated":true}]}}