{"id":10014,"date":"2025-05-07T14:07:28","date_gmt":"2025-05-07T18:07:28","guid":{"rendered":"https:\/\/elconquistadorredloslagos.cl\/test\/?p=10014"},"modified":"2025-05-07T14:07:29","modified_gmt":"2025-05-07T18:07:29","slug":"exalcalde-gervoy-paredes-seguira-en-prision-preventiva-tras-breve-audiencia","status":"publish","type":"post","link":"https:\/\/elconquistadorredloslagos.cl\/test\/blog\/2025\/05\/07\/exalcalde-gervoy-paredes-seguira-en-prision-preventiva-tras-breve-audiencia\/","title":{"rendered":"Exalcalde Gervoy Paredes seguir\u00e1 en prisi\u00f3n preventiva tras breve audiencia"},"content":{"rendered":"\n<p>El Juzgado de Garant\u00eda de Puerto Montt revis\u00f3 las medidas cautelares que rigen sobre el exalcalde Gervoy Paredes, imputado por cohecho, lavado de activos, enriquecimiento il\u00edcito y fraude al Fisco.<\/p>\n\n\n\n<p>&nbsp;La audiencia, que se extendi\u00f3 por apenas cinco minutos, concluy\u00f3 sin apelaciones, por lo que el exjefe comunal continuar\u00e1 recluido en el penal Alto Bonito, en donde permanece desde octubre del pasado a\u00f1o 2024.<\/p>\n\n\n\n<p>La defensa de Paredes opt\u00f3 por no presentar argumentos, alegando falta de informaci\u00f3n clave sobre diligencias pendientes vinculadas a permisos, licencias m\u00e9dicas, feriados y desplazamientos. Tambi\u00e9n se\u00f1alaron no contar a\u00fan con el informe del Servicio M\u00e9dico Legal (SML) que evalu\u00f3 recientemente la salud general del imputado, con \u00e9nfasis en su condici\u00f3n visual.<\/p>\n\n\n\n<p>El abogado defensor, Andr\u00e9s Firmani, adelant\u00f3 que esperan presentar una nueva solicitud en los pr\u00f3ximos d\u00edas, una vez recibido el peritaje m\u00e9dico. En tanto, el representante del Consejo de Defensa del Estado (CDE), Rodrigo Tejos, reafirm\u00f3 la solidez de las pruebas reunidas contra el exalcalde.<\/p>\n\n\n\n<p>\ud83d\udcf7 Redes sociales<\/p>\n","protected":false},"excerpt":{"rendered":"<p>El Juzgado de Garant\u00eda de Puerto Montt revis\u00f3 las medidas cautelares que rigen sobre el exalcalde Gervoy Paredes, imputado por cohecho, lavado de activos, enriquecimiento il\u00edcito y fraude al Fisco&#8230;<\/p>\n","protected":false},"author":2,"featured_media":10015,"comment_status":"closed","ping_status":"open","sticky":false,"template":"","format":"standard","meta":{"footnotes":""},"categories":[1,28],"tags":[],"class_list":["post-10014","post","type-post","status-publish","format-standard","has-post-thumbnail","hentry","category-acontecer","category-actual"],"rttpg_featured_image_url":{"full":["https:\/\/elconquistadorredloslagos.cl\/test\/wp-content\/uploads\/2025\/05\/img1-1.jpg",1920,1080,false],"landscape":["https:\/\/elconquistadorredloslagos.cl\/test\/wp-content\/uploads\/2025\/05\/img1-1.jpg",1920,1080,false],"portraits":["https:\/\/elconquistadorredloslagos.cl\/test\/wp-content\/uploads\/2025\/05\/img1-1.jpg",1920,1080,false],"thumbnail":["https:\/\/elconquistadorredloslagos.cl\/test\/wp-content\/uploads\/2025\/05\/img1-1-150x150.jpg",150,150,true],"medium":["https:\/\/elconquistadorredloslagos.cl\/test\/wp-content\/uploads\/2025\/05\/img1-1-300x169.jpg",300,169,true],"large":["https:\/\/elconquistadorredloslagos.cl\/test\/wp-content\/uploads\/2025\/05\/img1-1-1024x576.jpg",1024,576,true],"1536x1536":["https:\/\/elconquistadorredloslagos.cl\/test\/wp-content\/uploads\/2025\/05\/img1-1-1536x864.jpg",1536,864,true],"2048x2048":["https:\/\/elconquistadorredloslagos.cl\/test\/wp-content\/uploads\/2025\/05\/img1-1.jpg",1920,1080,false]},"rttpg_author":{"display_name":"ccardenas","author_link":"https:\/\/elconquistadorredloslagos.cl\/test\/blog\/author\/ccardenas\/"},"rttpg_comment":0,"rttpg_category":"<a href=\"https:\/\/elconquistadorredloslagos.cl\/test\/blog\/category\/actual\/acontecer\/\" rel=\"category tag\">Acontecer<\/a> <a href=\"https:\/\/elconquistadorredloslagos.cl\/test\/blog\/category\/actual\/\" rel=\"category tag\">Actualidad<\/a>","rttpg_excerpt":"El Juzgado de Garant\u00eda de Puerto Montt revis\u00f3 las medidas cautelares que rigen sobre el exalcalde Gervoy Paredes, imputado por cohecho, lavado de activos, enriquecimiento il\u00edcito y fraude al Fisco...","_links":{"self":[{"href":"https:\/\/elconquistadorredloslagos.cl\/test\/wp-json\/wp\/v2\/posts\/10014","targetHints":{"allow":["GET"]}}],"collection":[{"href":"https:\/\/elconquistadorredloslagos.cl\/test\/wp-json\/wp\/v2\/posts"}],"about":[{"href":"https:\/\/elconquistadorredloslagos.cl\/test\/wp-json\/wp\/v2\/types\/post"}],"author":[{"embeddable":true,"href":"https:\/\/elconquistadorredloslagos.cl\/test\/wp-json\/wp\/v2\/users\/2"}],"replies":[{"embeddable":true,"href":"https:\/\/elconquistadorredloslagos.cl\/test\/wp-json\/wp\/v2\/comments?post=10014"}],"version-history":[{"count":1,"href":"https:\/\/elconquistadorredloslagos.cl\/test\/wp-json\/wp\/v2\/posts\/10014\/revisions"}],"predecessor-version":[{"id":10016,"href":"https:\/\/elconquistadorredloslagos.cl\/test\/wp-json\/wp\/v2\/posts\/10014\/revisions\/10016"}],"wp:featuredmedia":[{"embeddable":true,"href":"https:\/\/elconquistadorredloslagos.cl\/test\/wp-json\/wp\/v2\/media\/10015"}],"wp:attachment":[{"href":"https:\/\/elconquistadorredloslagos.cl\/test\/wp-json\/wp\/v2\/media?parent=10014"}],"wp:term":[{"taxonomy":"category","embeddable":true,"href":"https:\/\/elconquistadorredloslagos.cl\/test\/wp-json\/wp\/v2\/categories?post=10014"},{"taxonomy":"post_tag","embeddable":true,"href":"https:\/\/elconquistadorredloslagos.cl\/test\/wp-json\/wp\/v2\/tags?post=10014"}],"curies":[{"name":"wp","href":"https:\/\/api.w.org\/{rel}","templated":true}]}}