{"id":10010,"date":"2025-05-07T13:59:43","date_gmt":"2025-05-07T17:59:43","guid":{"rendered":"https:\/\/elconquistadorredloslagos.cl\/test\/?p=10010"},"modified":"2025-05-07T13:59:43","modified_gmt":"2025-05-07T17:59:43","slug":"balance-temporada-de-incendios-forestales-3-investigaciones-en-curso-en-chiloe-y-osorno","status":"publish","type":"post","link":"https:\/\/elconquistadorredloslagos.cl\/test\/blog\/2025\/05\/07\/balance-temporada-de-incendios-forestales-3-investigaciones-en-curso-en-chiloe-y-osorno\/","title":{"rendered":"Balance temporada de incendios forestales: 3 investigaciones en curso en Chilo\u00e9 y Osorno"},"content":{"rendered":"\n<p>Tres querellas criminales contin\u00faan su curso en la Regi\u00f3n de Los Lagos por hechos vinculados a la reciente temporada de incendios forestales 2024-2025. En paralelo, la Polic\u00eda de Investigaciones (PDI) mantiene abiertas tres indagatorias por siniestros registrados en las provincias de Osorno y Chilo\u00e9.<\/p>\n\n\n\n<p>El viernes pasado, se present\u00f3 el informe de la temporada, destacando la disminuci\u00f3n del 88% en la superficie afectada, con s\u00f3lo 364 hect\u00e1reas quemadas en comparaci\u00f3n con las 3 mil 032 hect\u00e1reas de la temporada anterior. Detalles que fueron entregados por la delegada regional Paulina Mu\u00f1oz.<\/p>\n\n\n\n<figure class=\"wp-block-audio\"><audio controls src=\"https:\/\/elconquistadorredloslagos.cl\/test\/wp-content\/uploads\/2025\/05\/CUNA-DELEGADA.mp3\"><\/audio><\/figure>\n\n\n\n<p>Se\u00f1alar que CONAF report\u00f3 35 incendios y 155 hect\u00e1reas afectadas en la provincia de Osorno; 121 incendios y 128 hect\u00e1reas afectadas en la provincia de Llanquihue; 137 incendios y 57 hect\u00e1reas afectadas en la provincia de Chilo\u00e9; adem\u00e1s de 11 incendios y 22 hect\u00e1reas afectadas en la provincia de Palena.<\/p>\n\n\n\n<p>\ud83d\udcf7 Redes sociales<\/p>\n","protected":false},"excerpt":{"rendered":"<p>Tres querellas criminales contin\u00faan su curso en la Regi\u00f3n de Los Lagos por hechos vinculados a la reciente temporada de incendios forestales 2024-2025. En paralelo, la Polic\u00eda de Investigaciones (PDI)..<\/p>\n","protected":false},"author":2,"featured_media":10012,"comment_status":"closed","ping_status":"open","sticky":false,"template":"","format":"standard","meta":{"footnotes":""},"categories":[1,28,26],"tags":[],"class_list":["post-10010","post","type-post","status-publish","format-standard","has-post-thumbnail","hentry","category-acontecer","category-actual","category-comunidad"],"rttpg_featured_image_url":{"full":["https:\/\/elconquistadorredloslagos.cl\/test\/wp-content\/uploads\/2025\/05\/img1.jpg",1920,1080,false],"landscape":["https:\/\/elconquistadorredloslagos.cl\/test\/wp-content\/uploads\/2025\/05\/img1.jpg",1920,1080,false],"portraits":["https:\/\/elconquistadorredloslagos.cl\/test\/wp-content\/uploads\/2025\/05\/img1.jpg",1920,1080,false],"thumbnail":["https:\/\/elconquistadorredloslagos.cl\/test\/wp-content\/uploads\/2025\/05\/img1-150x150.jpg",150,150,true],"medium":["https:\/\/elconquistadorredloslagos.cl\/test\/wp-content\/uploads\/2025\/05\/img1-300x169.jpg",300,169,true],"large":["https:\/\/elconquistadorredloslagos.cl\/test\/wp-content\/uploads\/2025\/05\/img1-1024x576.jpg",1024,576,true],"1536x1536":["https:\/\/elconquistadorredloslagos.cl\/test\/wp-content\/uploads\/2025\/05\/img1-1536x864.jpg",1536,864,true],"2048x2048":["https:\/\/elconquistadorredloslagos.cl\/test\/wp-content\/uploads\/2025\/05\/img1.jpg",1920,1080,false]},"rttpg_author":{"display_name":"ccardenas","author_link":"https:\/\/elconquistadorredloslagos.cl\/test\/blog\/author\/ccardenas\/"},"rttpg_comment":0,"rttpg_category":"<a href=\"https:\/\/elconquistadorredloslagos.cl\/test\/blog\/category\/actual\/acontecer\/\" rel=\"category tag\">Acontecer<\/a> <a href=\"https:\/\/elconquistadorredloslagos.cl\/test\/blog\/category\/actual\/\" rel=\"category tag\">Actualidad<\/a> <a href=\"https:\/\/elconquistadorredloslagos.cl\/test\/blog\/category\/comunidad\/\" rel=\"category tag\">Comunidad<\/a>","rttpg_excerpt":"Tres querellas criminales contin\u00faan su curso en la Regi\u00f3n de Los Lagos por hechos vinculados a la reciente temporada de incendios forestales 2024-2025. En paralelo, la Polic\u00eda de Investigaciones (PDI)..","_links":{"self":[{"href":"https:\/\/elconquistadorredloslagos.cl\/test\/wp-json\/wp\/v2\/posts\/10010","targetHints":{"allow":["GET"]}}],"collection":[{"href":"https:\/\/elconquistadorredloslagos.cl\/test\/wp-json\/wp\/v2\/posts"}],"about":[{"href":"https:\/\/elconquistadorredloslagos.cl\/test\/wp-json\/wp\/v2\/types\/post"}],"author":[{"embeddable":true,"href":"https:\/\/elconquistadorredloslagos.cl\/test\/wp-json\/wp\/v2\/users\/2"}],"replies":[{"embeddable":true,"href":"https:\/\/elconquistadorredloslagos.cl\/test\/wp-json\/wp\/v2\/comments?post=10010"}],"version-history":[{"count":1,"href":"https:\/\/elconquistadorredloslagos.cl\/test\/wp-json\/wp\/v2\/posts\/10010\/revisions"}],"predecessor-version":[{"id":10013,"href":"https:\/\/elconquistadorredloslagos.cl\/test\/wp-json\/wp\/v2\/posts\/10010\/revisions\/10013"}],"wp:featuredmedia":[{"embeddable":true,"href":"https:\/\/elconquistadorredloslagos.cl\/test\/wp-json\/wp\/v2\/media\/10012"}],"wp:attachment":[{"href":"https:\/\/elconquistadorredloslagos.cl\/test\/wp-json\/wp\/v2\/media?parent=10010"}],"wp:term":[{"taxonomy":"category","embeddable":true,"href":"https:\/\/elconquistadorredloslagos.cl\/test\/wp-json\/wp\/v2\/categories?post=10010"},{"taxonomy":"post_tag","embeddable":true,"href":"https:\/\/elconquistadorredloslagos.cl\/test\/wp-json\/wp\/v2\/tags?post=10010"}],"curies":[{"name":"wp","href":"https:\/\/api.w.org\/{rel}","templated":true}]}}