{"id":1001,"date":"2024-07-08T21:48:19","date_gmt":"2024-07-09T01:48:19","guid":{"rendered":"https:\/\/elconquistadorredloslagos.cl\/test\/?p=1001"},"modified":"2024-07-08T21:48:20","modified_gmt":"2024-07-09T01:48:20","slug":"hombre-muere-apunalado-en-el-cuello-en-posta-de-pargua","status":"publish","type":"post","link":"https:\/\/elconquistadorredloslagos.cl\/test\/blog\/2024\/07\/08\/hombre-muere-apunalado-en-el-cuello-en-posta-de-pargua\/","title":{"rendered":"Hombre muere apu\u00f1alado en el cuello en posta de Pargua"},"content":{"rendered":"\n<p>Hombre muere apu\u00f1alado en el cuello en posta de ParguaImpacto ha generado la muerte de una persona este domingo en la posta de salud rural de Pargua, correspondiente a la comuna de Calbuco.<\/p>\n\n\n\n<p>De acuerdo a los datos preliminares entregado por personal de Carabineros, se trata de un persona de sexo masculino, mayor de edad, quien se habr\u00eda dirigido al mencionado recinto de atenci\u00f3n primaria con una herida corto punzante a la altura del cuello.<\/p>\n\n\n\n<p>Seg\u00fan informaci\u00f3n preliminar entregada por el subteniente de Carabineros, Eduardo Cubillos, se trat\u00f3 de un hombre mayor de edad que acudi\u00f3 a la atenci\u00f3n primaria de salud con una herida a la altura del cuello, mientras que el Ministerio P\u00fablico instruy\u00f3 la concurrencia de los equipos del OS-9 y Laboratorio de Criminal\u00edstica de Carabineros (Lacrim) Puerto Montt para las indagatorias correspondientes.<\/p>\n\n\n\n<p>Asimismo se explic\u00f3 que pese a los esfuerzos del equipo de turno y del personal del Servicio de Atenci\u00f3n M\u00e9dica de Urgencia (SAMU), el individuo dej\u00f3 de existir en el lugar.<\/p>\n\n\n\n<p><\/p>\n","protected":false},"excerpt":{"rendered":"<p>Hombre muere apu\u00f1alado en el cuello en posta de ParguaImpacto ha generado la muerte de una persona este domingo en la posta de salud rural de Pargua, correspondiente a la..<\/p>\n","protected":false},"author":2,"featured_media":1002,"comment_status":"open","ping_status":"open","sticky":false,"template":"","format":"standard","meta":{"footnotes":""},"categories":[28],"tags":[],"class_list":["post-1001","post","type-post","status-publish","format-standard","has-post-thumbnail","hentry","category-actual"],"rttpg_featured_image_url":{"full":["https:\/\/elconquistadorredloslagos.cl\/test\/wp-content\/uploads\/2024\/07\/file_20240708094240.jpg",820,460,false],"landscape":["https:\/\/elconquistadorredloslagos.cl\/test\/wp-content\/uploads\/2024\/07\/file_20240708094240.jpg",820,460,false],"portraits":["https:\/\/elconquistadorredloslagos.cl\/test\/wp-content\/uploads\/2024\/07\/file_20240708094240.jpg",820,460,false],"thumbnail":["https:\/\/elconquistadorredloslagos.cl\/test\/wp-content\/uploads\/2024\/07\/file_20240708094240-150x150.jpg",150,150,true],"medium":["https:\/\/elconquistadorredloslagos.cl\/test\/wp-content\/uploads\/2024\/07\/file_20240708094240-300x168.jpg",300,168,true],"large":["https:\/\/elconquistadorredloslagos.cl\/test\/wp-content\/uploads\/2024\/07\/file_20240708094240.jpg",820,460,false],"1536x1536":["https:\/\/elconquistadorredloslagos.cl\/test\/wp-content\/uploads\/2024\/07\/file_20240708094240.jpg",820,460,false],"2048x2048":["https:\/\/elconquistadorredloslagos.cl\/test\/wp-content\/uploads\/2024\/07\/file_20240708094240.jpg",820,460,false]},"rttpg_author":{"display_name":"ccardenas","author_link":"https:\/\/elconquistadorredloslagos.cl\/test\/blog\/author\/ccardenas\/"},"rttpg_comment":0,"rttpg_category":"<a href=\"https:\/\/elconquistadorredloslagos.cl\/test\/blog\/category\/actual\/\" rel=\"category tag\">Actualidad<\/a>","rttpg_excerpt":"Hombre muere apu\u00f1alado en el cuello en posta de ParguaImpacto ha generado la muerte de una persona este domingo en la posta de salud rural de Pargua, correspondiente a la..","_links":{"self":[{"href":"https:\/\/elconquistadorredloslagos.cl\/test\/wp-json\/wp\/v2\/posts\/1001","targetHints":{"allow":["GET"]}}],"collection":[{"href":"https:\/\/elconquistadorredloslagos.cl\/test\/wp-json\/wp\/v2\/posts"}],"about":[{"href":"https:\/\/elconquistadorredloslagos.cl\/test\/wp-json\/wp\/v2\/types\/post"}],"author":[{"embeddable":true,"href":"https:\/\/elconquistadorredloslagos.cl\/test\/wp-json\/wp\/v2\/users\/2"}],"replies":[{"embeddable":true,"href":"https:\/\/elconquistadorredloslagos.cl\/test\/wp-json\/wp\/v2\/comments?post=1001"}],"version-history":[{"count":1,"href":"https:\/\/elconquistadorredloslagos.cl\/test\/wp-json\/wp\/v2\/posts\/1001\/revisions"}],"predecessor-version":[{"id":1003,"href":"https:\/\/elconquistadorredloslagos.cl\/test\/wp-json\/wp\/v2\/posts\/1001\/revisions\/1003"}],"wp:featuredmedia":[{"embeddable":true,"href":"https:\/\/elconquistadorredloslagos.cl\/test\/wp-json\/wp\/v2\/media\/1002"}],"wp:attachment":[{"href":"https:\/\/elconquistadorredloslagos.cl\/test\/wp-json\/wp\/v2\/media?parent=1001"}],"wp:term":[{"taxonomy":"category","embeddable":true,"href":"https:\/\/elconquistadorredloslagos.cl\/test\/wp-json\/wp\/v2\/categories?post=1001"},{"taxonomy":"post_tag","embeddable":true,"href":"https:\/\/elconquistadorredloslagos.cl\/test\/wp-json\/wp\/v2\/tags?post=1001"}],"curies":[{"name":"wp","href":"https:\/\/api.w.org\/{rel}","templated":true}]}}